{"id":5763,"date":"2020-09-11T11:52:01","date_gmt":"2020-09-11T09:52:01","guid":{"rendered":"https:\/\/www.krajskakniznicazilina.sk\/?p=5763"},"modified":"2020-09-11T11:52:01","modified_gmt":"2020-09-11T09:52:01","slug":"zilinsky-den-zdravia-2020","status":"publish","type":"post","link":"https:\/\/www.krajskakniznicazilina.sk\/index.php\/2020\/09\/11\/zilinsky-den-zdravia-2020\/","title":{"rendered":"\u017dilinsk\u00fd de\u0148 zdravia 2020"},"content":{"rendered":"<p style=\"text-align: justify;\">Ani tento rok nevynech\u00e1me \u00fa\u010das\u0165 na \u017dilinskom dni zdravia, ktor\u00fd sa bude kona\u0165 17.9.2020. Bud\u00faci \u0161tvrtok sa stretneme na N\u00e1mest\u00ed Andreja Hlinku.<\/p>\n<p><a href=\"https:\/\/www.krajskakniznicazilina.sk\/clanky\/2020\/09\/%C5%BDDZ2020.jpg\"><img decoding=\"async\" class=\"aligncenter size-full\" src=\"https:\/\/www.krajskakniznicazilina.sk\/clanky\/2020\/09\/%C5%BDDZ2020.jpg\" width=\"40%\" height=\"40%\" \/><\/a><\/p>\n","protected":false},"excerpt":{"rendered":"<p>Ani tento rok nevynech\u00e1me \u00fa\u010das\u0165 na \u017dilinskom dni zdravia, ktor\u00fd sa bude kona\u0165 17.9.2020. Bud\u00faci \u0161tvrtok sa stretneme na N\u00e1mest\u00ed Andreja Hlinku.<\/p>\n","protected":false},"author":1,"featured_media":0,"comment_status":"open","ping_status":"open","sticky":false,"template":"","format":"image","meta":{"footnotes":""},"categories":[27],"tags":[],"class_list":["post-5763","post","type-post","status-publish","format-image","hentry","category-pozvanka-z-regionov","post_format-post-format-image"],"_links":{"self":[{"href":"https:\/\/www.krajskakniznicazilina.sk\/index.php\/wp-json\/wp\/v2\/posts\/5763","targetHints":{"allow":["GET"]}}],"collection":[{"href":"https:\/\/www.krajskakniznicazilina.sk\/index.php\/wp-json\/wp\/v2\/posts"}],"about":[{"href":"https:\/\/www.krajskakniznicazilina.sk\/index.php\/wp-json\/wp\/v2\/types\/post"}],"author":[{"embeddable":true,"href":"https:\/\/www.krajskakniznicazilina.sk\/index.php\/wp-json\/wp\/v2\/users\/1"}],"replies":[{"embeddable":true,"href":"https:\/\/www.krajskakniznicazilina.sk\/index.php\/wp-json\/wp\/v2\/comments?post=5763"}],"version-history":[{"count":1,"href":"https:\/\/www.krajskakniznicazilina.sk\/index.php\/wp-json\/wp\/v2\/posts\/5763\/revisions"}],"predecessor-version":[{"id":5764,"href":"https:\/\/www.krajskakniznicazilina.sk\/index.php\/wp-json\/wp\/v2\/posts\/5763\/revisions\/5764"}],"wp:attachment":[{"href":"https:\/\/www.krajskakniznicazilina.sk\/index.php\/wp-json\/wp\/v2\/media?parent=5763"}],"wp:term":[{"taxonomy":"category","embeddable":true,"href":"https:\/\/www.krajskakniznicazilina.sk\/index.php\/wp-json\/wp\/v2\/categories?post=5763"},{"taxonomy":"post_tag","embeddable":true,"href":"https:\/\/www.krajskakniznicazilina.sk\/index.php\/wp-json\/wp\/v2\/tags?post=5763"}],"curies":[{"name":"wp","href":"https:\/\/api.w.org\/{rel}","templated":true}]}}