{"id":5765,"date":"2020-09-11T13:12:32","date_gmt":"2020-09-11T11:12:32","guid":{"rendered":"https:\/\/www.krajskakniznicazilina.sk\/?p=5765"},"modified":"2020-09-12T08:57:24","modified_gmt":"2020-09-12T06:57:24","slug":"tvorive-dielne-bicykel","status":"publish","type":"post","link":"https:\/\/www.krajskakniznicazilina.sk\/index.php\/2020\/09\/11\/tvorive-dielne-bicykel\/","title":{"rendered":"Tvoriv\u00e9 dielne &#8211; bicykel"},"content":{"rendered":"<p style=\"text-align: justify;\"><a href=\"https:\/\/www.krajskakniznicazilina.sk\/clanky\/2020\/09\/tk%20cyklo.jpg\"><img decoding=\"async\" class=\"alignleft size-full\" src=\"https:\/\/www.krajskakniznicazilina.sk\/clanky\/2020\/09\/tk%20cyklo.jpg\" width=\"40%\" height=\"40%\" \/><\/a>Zauj\u00edma v\u00e1s cyklistika? Pozn\u00e1te cyklotrasy v \u017diline? Pr\u00ed\u010fte s de\u0165mi v stredu<strong> 16. septembra o 16.00<\/strong> na podujatie, ktor\u00e9 sme si pripravili v r\u00e1mci Eur\u00f3pskeho t\u00fd\u017ed\u0148a mobility. Porozpr\u00e1vame sa o cyklotras\u00e1ch v okol\u00ed \u017diliny a s\u00fa\u010das\u0165ou bud\u00fa aj tvoriv\u00e9 dielne, na ktor\u00fdch si mlad\u0161ie deti bud\u00fa m\u00f4c\u0165 urobi\u0165 \u00a0cyklokol\u00e1\u017e (obr\u00e1zok bicykla) a star\u0161ie si vyrobia vlastn\u00fd bicykel kombin\u00e1ciou papierov\u00fdch roliek a \u0161pajdl\u00ed.<\/p>\n<p style=\"text-align: justify;\">Na pr\u00edzem\u00ed v\u00a0kni\u017enici bude pre v\u00e1s pripraven\u00e1 v\u00fdstavka kn\u00edh o\u00a0cyklotras\u00e1ch a\u00a0cyklistike z\u00a0fondu kni\u017enice. Te\u0161\u00edme sa na va\u0161u n\u00e1v\u0161tevu.<\/p>\n","protected":false},"excerpt":{"rendered":"<p>Zauj\u00edma v\u00e1s cyklistika? Pozn\u00e1te cyklotrasy v \u017diline? Pr\u00ed\u010fte s de\u0165mi v stredu 16. septembra o 16.00 na podujatie, ktor\u00e9 sme si pripravili v r\u00e1mci Eur\u00f3pskeho t\u00fd\u017ed\u0148a mobility. Porozpr\u00e1vame sa o cyklotras\u00e1ch v okol\u00ed \u017diliny a s\u00fa\u010das\u0165ou bud\u00fa aj tvoriv\u00e9 dielne, na ktor\u00fdch si mlad\u0161ie deti bud\u00fa m\u00f4c\u0165 urobi\u0165 \u00a0cyklokol\u00e1\u017e (obr\u00e1zok bicykla) a star\u0161ie si vyrobia &#8230; <a title=\"Tvoriv\u00e9 dielne &#8211; bicykel\" class=\"read-more\" href=\"https:\/\/www.krajskakniznicazilina.sk\/index.php\/2020\/09\/11\/tvorive-dielne-bicykel\/\" aria-label=\"Pre\u010d\u00edtajte si viac o Tvoriv\u00e9 dielne &#8211; bicykel\">\u010c\u00edta\u0165 viac<\/a><\/p>\n","protected":false},"author":1,"featured_media":0,"comment_status":"open","ping_status":"open","sticky":false,"template":"","format":"image","meta":{"footnotes":""},"categories":[12],"tags":[],"class_list":["post-5765","post","type-post","status-publish","format-image","hentry","category-podujatie","post_format-post-format-image"],"_links":{"self":[{"href":"https:\/\/www.krajskakniznicazilina.sk\/index.php\/wp-json\/wp\/v2\/posts\/5765","targetHints":{"allow":["GET"]}}],"collection":[{"href":"https:\/\/www.krajskakniznicazilina.sk\/index.php\/wp-json\/wp\/v2\/posts"}],"about":[{"href":"https:\/\/www.krajskakniznicazilina.sk\/index.php\/wp-json\/wp\/v2\/types\/post"}],"author":[{"embeddable":true,"href":"https:\/\/www.krajskakniznicazilina.sk\/index.php\/wp-json\/wp\/v2\/users\/1"}],"replies":[{"embeddable":true,"href":"https:\/\/www.krajskakniznicazilina.sk\/index.php\/wp-json\/wp\/v2\/comments?post=5765"}],"version-history":[{"count":3,"href":"https:\/\/www.krajskakniznicazilina.sk\/index.php\/wp-json\/wp\/v2\/posts\/5765\/revisions"}],"predecessor-version":[{"id":5771,"href":"https:\/\/www.krajskakniznicazilina.sk\/index.php\/wp-json\/wp\/v2\/posts\/5765\/revisions\/5771"}],"wp:attachment":[{"href":"https:\/\/www.krajskakniznicazilina.sk\/index.php\/wp-json\/wp\/v2\/media?parent=5765"}],"wp:term":[{"taxonomy":"category","embeddable":true,"href":"https:\/\/www.krajskakniznicazilina.sk\/index.php\/wp-json\/wp\/v2\/categories?post=5765"},{"taxonomy":"post_tag","embeddable":true,"href":"https:\/\/www.krajskakniznicazilina.sk\/index.php\/wp-json\/wp\/v2\/tags?post=5765"}],"curies":[{"name":"wp","href":"https:\/\/api.w.org\/{rel}","templated":true}]}}