{"id":5776,"date":"2020-09-16T15:52:23","date_gmt":"2020-09-16T13:52:23","guid":{"rendered":"https:\/\/www.krajskakniznicazilina.sk\/?p=5776"},"modified":"2020-09-16T15:54:06","modified_gmt":"2020-09-16T13:54:06","slug":"dni-europskeho-kulturneho-dedicstva-2020","status":"publish","type":"post","link":"https:\/\/www.krajskakniznicazilina.sk\/index.php\/2020\/09\/16\/dni-europskeho-kulturneho-dedicstva-2020\/","title":{"rendered":"Dni eur\u00f3pskeho kult\u00farneho dedi\u010dstva 2020"},"content":{"rendered":"<p style=\"text-align: justify;\"><strong><a href=\"https:\/\/www.krajskakniznicazilina.sk\/clanky\/2020\/09\/dekd%202020.jpg\"><img decoding=\"async\" class=\"alignleft size-full\" src=\"https:\/\/www.krajskakniznicazilina.sk\/clanky\/2020\/09\/dekd%202020.jpg\" width=\"40%\" height=\"40%\" \/><\/a>N\u00e1v\u0161teva d\u00e1vnej \u017diliny<\/strong><br \/>\nChcete vedie\u0165, ako vyzeralo na\u0161e mesto pred 50 rokmi? A \u010do tak pred sto rokmi? Vydajte sa s nami na dobrodru\u017en\u00fa cestu v \u010dase. Uvid\u00edme spolu \u017dilinu o\u010dami va\u0161ich star\u00fdch a prastar\u00fdch rodi\u010dov. Poz\u00fdvame v\u00e1s na v\u00fdlet do doby, kedy bolo v\u0161etko in\u00e9 v utorok 22.septembra o 12:30 do Krajskej kni\u017enice v \u017diline. Rozpr\u00e1vanie o \u017diline je vhodn\u00e9 pre 2. stupe\u0148 Z\u0160.<\/p>\n<p style=\"text-align: justify;\"><strong>Povesti zo starej \u017diliny<\/strong><br \/>\nKa\u017ed\u00e9 miesto a\u00a0ka\u017ed\u00e9 mesto m\u00e1 svoju hist\u00f3riu. A\u00a0t\u00e1 je opraden\u00e1 poves\u0165ami. Sprav\u00edme si spolu v\u00fdlet do doby, kedy \u013eudia verili v\u00a0existenciu v\u00edl a\u00a0\u0161kriatkov, b\u00e1li sa bezhlav\u00e9ho rytiera a\u00a0s\u00facitili s\u00a0bielou pa\u0148ou. Nechajte sa zl\u00e1ka\u0165 a\u00a0vydajte sa spolu s\u00a0nami do r\u00ed\u0161e, kde sa prel\u00edna hist\u00f3ria s\u00a0fant\u00e1ziou. Te\u0161\u00edme sa na V\u00e1s v\u00a0Krajskej kni\u017enici v\u00a0\u017diline v\u00a0utorok 29. septembra o\u00a010:00. Podujatie je vhodn\u00e9 pre deti vo veku od 9 do 12 rokov.<\/p>\n","protected":false},"excerpt":{"rendered":"<p>N\u00e1v\u0161teva d\u00e1vnej \u017diliny Chcete vedie\u0165, ako vyzeralo na\u0161e mesto pred 50 rokmi? A \u010do tak pred sto rokmi? Vydajte sa s nami na dobrodru\u017en\u00fa cestu v \u010dase. Uvid\u00edme spolu \u017dilinu o\u010dami va\u0161ich star\u00fdch a prastar\u00fdch rodi\u010dov. Poz\u00fdvame v\u00e1s na v\u00fdlet do doby, kedy bolo v\u0161etko in\u00e9 v utorok 22.septembra o 12:30 do Krajskej kni\u017enice v &#8230; <a title=\"Dni eur\u00f3pskeho kult\u00farneho dedi\u010dstva 2020\" class=\"read-more\" href=\"https:\/\/www.krajskakniznicazilina.sk\/index.php\/2020\/09\/16\/dni-europskeho-kulturneho-dedicstva-2020\/\" aria-label=\"Pre\u010d\u00edtajte si viac o Dni eur\u00f3pskeho kult\u00farneho dedi\u010dstva 2020\">\u010c\u00edta\u0165 viac<\/a><\/p>\n","protected":false},"author":1,"featured_media":0,"comment_status":"open","ping_status":"open","sticky":false,"template":"","format":"image","meta":{"footnotes":""},"categories":[12],"tags":[],"class_list":["post-5776","post","type-post","status-publish","format-image","hentry","category-podujatie","post_format-post-format-image"],"_links":{"self":[{"href":"https:\/\/www.krajskakniznicazilina.sk\/index.php\/wp-json\/wp\/v2\/posts\/5776","targetHints":{"allow":["GET"]}}],"collection":[{"href":"https:\/\/www.krajskakniznicazilina.sk\/index.php\/wp-json\/wp\/v2\/posts"}],"about":[{"href":"https:\/\/www.krajskakniznicazilina.sk\/index.php\/wp-json\/wp\/v2\/types\/post"}],"author":[{"embeddable":true,"href":"https:\/\/www.krajskakniznicazilina.sk\/index.php\/wp-json\/wp\/v2\/users\/1"}],"replies":[{"embeddable":true,"href":"https:\/\/www.krajskakniznicazilina.sk\/index.php\/wp-json\/wp\/v2\/comments?post=5776"}],"version-history":[{"count":3,"href":"https:\/\/www.krajskakniznicazilina.sk\/index.php\/wp-json\/wp\/v2\/posts\/5776\/revisions"}],"predecessor-version":[{"id":5779,"href":"https:\/\/www.krajskakniznicazilina.sk\/index.php\/wp-json\/wp\/v2\/posts\/5776\/revisions\/5779"}],"wp:attachment":[{"href":"https:\/\/www.krajskakniznicazilina.sk\/index.php\/wp-json\/wp\/v2\/media?parent=5776"}],"wp:term":[{"taxonomy":"category","embeddable":true,"href":"https:\/\/www.krajskakniznicazilina.sk\/index.php\/wp-json\/wp\/v2\/categories?post=5776"},{"taxonomy":"post_tag","embeddable":true,"href":"https:\/\/www.krajskakniznicazilina.sk\/index.php\/wp-json\/wp\/v2\/tags?post=5776"}],"curies":[{"name":"wp","href":"https:\/\/api.w.org\/{rel}","templated":true}]}}