{"id":5786,"date":"2020-09-18T16:28:41","date_gmt":"2020-09-18T14:28:41","guid":{"rendered":"https:\/\/www.krajskakniznicazilina.sk\/?p=5786"},"modified":"2020-09-18T16:28:41","modified_gmt":"2020-09-18T14:28:41","slug":"medzinarodny-tyzden-nepocujucich","status":"publish","type":"post","link":"https:\/\/www.krajskakniznicazilina.sk\/index.php\/2020\/09\/18\/medzinarodny-tyzden-nepocujucich\/","title":{"rendered":"Medzin\u00e1rodn\u00fd t\u00fd\u017ede\u0148 nepo\u010duj\u00facich"},"content":{"rendered":"<p>Aj na\u0161a kni\u017enica bude s\u00fa\u010das\u0165ou Medzin\u00e1rodn\u00e9ho t\u00fd\u017ed\u0148a nepo\u010duj\u00facich.<\/p>\n<p><a href=\"https:\/\/www.krajskakniznicazilina.sk\/clanky\/2020\/09\/nepoc%201.jpg\"><img decoding=\"async\" class=\"alignleft size-full\" src=\"https:\/\/www.krajskakniznicazilina.sk\/clanky\/2020\/09\/nepoc%201.jpg\" width=\"45%\" height=\"45%\" \/><\/a><a href=\"https:\/\/www.krajskakniznicazilina.sk\/clanky\/2020\/09\/nepoc%202.jpg\"><img decoding=\"async\" class=\"alignleft size-full\" src=\"https:\/\/www.krajskakniznicazilina.sk\/clanky\/2020\/09\/nepoc%202.jpg\" width=\"45%\" height=\"45%\" \/><\/a><\/p>\n","protected":false},"excerpt":{"rendered":"<p>Aj na\u0161a kni\u017enica bude s\u00fa\u010das\u0165ou Medzin\u00e1rodn\u00e9ho t\u00fd\u017ed\u0148a nepo\u010duj\u00facich.<\/p>\n","protected":false},"author":1,"featured_media":0,"comment_status":"open","ping_status":"open","sticky":false,"template":"","format":"image","meta":{"footnotes":""},"categories":[12],"tags":[],"class_list":["post-5786","post","type-post","status-publish","format-image","hentry","category-podujatie","post_format-post-format-image"],"_links":{"self":[{"href":"https:\/\/www.krajskakniznicazilina.sk\/index.php\/wp-json\/wp\/v2\/posts\/5786","targetHints":{"allow":["GET"]}}],"collection":[{"href":"https:\/\/www.krajskakniznicazilina.sk\/index.php\/wp-json\/wp\/v2\/posts"}],"about":[{"href":"https:\/\/www.krajskakniznicazilina.sk\/index.php\/wp-json\/wp\/v2\/types\/post"}],"author":[{"embeddable":true,"href":"https:\/\/www.krajskakniznicazilina.sk\/index.php\/wp-json\/wp\/v2\/users\/1"}],"replies":[{"embeddable":true,"href":"https:\/\/www.krajskakniznicazilina.sk\/index.php\/wp-json\/wp\/v2\/comments?post=5786"}],"version-history":[{"count":3,"href":"https:\/\/www.krajskakniznicazilina.sk\/index.php\/wp-json\/wp\/v2\/posts\/5786\/revisions"}],"predecessor-version":[{"id":5789,"href":"https:\/\/www.krajskakniznicazilina.sk\/index.php\/wp-json\/wp\/v2\/posts\/5786\/revisions\/5789"}],"wp:attachment":[{"href":"https:\/\/www.krajskakniznicazilina.sk\/index.php\/wp-json\/wp\/v2\/media?parent=5786"}],"wp:term":[{"taxonomy":"category","embeddable":true,"href":"https:\/\/www.krajskakniznicazilina.sk\/index.php\/wp-json\/wp\/v2\/categories?post=5786"},{"taxonomy":"post_tag","embeddable":true,"href":"https:\/\/www.krajskakniznicazilina.sk\/index.php\/wp-json\/wp\/v2\/tags?post=5786"}],"curies":[{"name":"wp","href":"https:\/\/api.w.org\/{rel}","templated":true}]}}