{"id":5917,"date":"2020-10-15T07:00:14","date_gmt":"2020-10-15T05:00:14","guid":{"rendered":"https:\/\/www.krajskakniznicazilina.sk\/?p=5917"},"modified":"2020-10-14T11:00:42","modified_gmt":"2020-10-14T09:00:42","slug":"96-nar","status":"publish","type":"post","link":"https:\/\/www.krajskakniznicazilina.sk\/index.php\/2020\/10\/15\/96-nar\/","title":{"rendered":"96. narodeniny kni\u017enice"},"content":{"rendered":"<p style=\"text-align: justify;\"><a href=\"https:\/\/www.krajskakniznicazilina.sk\/clanky\/2020\/10\/narodeniny%20z%C3%A1pisn%C3%A9.jpg\"><img decoding=\"async\" class=\"alignright size-full\" src=\"https:\/\/www.krajskakniznicazilina.sk\/clanky\/2020\/10\/narodeniny%20z%C3%A1pisn%C3%A9.jpg\" width=\"40%\" height=\"40%\" \/><\/a>Krajsk\u00e1 kni\u017enica v \u017diline dnes oslavuje 96 rokov svojej existencie. Pripravili sme si preto pre V\u00e1s aspo\u0148 mal\u00fd dar\u010dek. Z\u00e1pisn\u00e9ho zadarmo pre ka\u017ed\u00e9ho, kto <strong>dnes<\/strong> pr\u00edde do kni\u017enice.<\/p>\n<p>&nbsp;<\/p>\n","protected":false},"excerpt":{"rendered":"<p>Krajsk\u00e1 kni\u017enica v \u017diline dnes oslavuje 96 rokov svojej existencie. Pripravili sme si preto pre V\u00e1s aspo\u0148 mal\u00fd dar\u010dek. Z\u00e1pisn\u00e9ho zadarmo pre ka\u017ed\u00e9ho, kto dnes pr\u00edde do kni\u017enice. &nbsp;<\/p>\n","protected":false},"author":1,"featured_media":0,"comment_status":"open","ping_status":"open","sticky":false,"template":"","format":"image","meta":{"footnotes":""},"categories":[1],"tags":[],"class_list":["post-5917","post","type-post","status-publish","format-image","hentry","category-oznam","post_format-post-format-image"],"_links":{"self":[{"href":"https:\/\/www.krajskakniznicazilina.sk\/index.php\/wp-json\/wp\/v2\/posts\/5917","targetHints":{"allow":["GET"]}}],"collection":[{"href":"https:\/\/www.krajskakniznicazilina.sk\/index.php\/wp-json\/wp\/v2\/posts"}],"about":[{"href":"https:\/\/www.krajskakniznicazilina.sk\/index.php\/wp-json\/wp\/v2\/types\/post"}],"author":[{"embeddable":true,"href":"https:\/\/www.krajskakniznicazilina.sk\/index.php\/wp-json\/wp\/v2\/users\/1"}],"replies":[{"embeddable":true,"href":"https:\/\/www.krajskakniznicazilina.sk\/index.php\/wp-json\/wp\/v2\/comments?post=5917"}],"version-history":[{"count":4,"href":"https:\/\/www.krajskakniznicazilina.sk\/index.php\/wp-json\/wp\/v2\/posts\/5917\/revisions"}],"predecessor-version":[{"id":5921,"href":"https:\/\/www.krajskakniznicazilina.sk\/index.php\/wp-json\/wp\/v2\/posts\/5917\/revisions\/5921"}],"wp:attachment":[{"href":"https:\/\/www.krajskakniznicazilina.sk\/index.php\/wp-json\/wp\/v2\/media?parent=5917"}],"wp:term":[{"taxonomy":"category","embeddable":true,"href":"https:\/\/www.krajskakniznicazilina.sk\/index.php\/wp-json\/wp\/v2\/categories?post=5917"},{"taxonomy":"post_tag","embeddable":true,"href":"https:\/\/www.krajskakniznicazilina.sk\/index.php\/wp-json\/wp\/v2\/tags?post=5917"}],"curies":[{"name":"wp","href":"https:\/\/api.w.org\/{rel}","templated":true}]}}