{"id":5922,"date":"2020-10-14T11:52:30","date_gmt":"2020-10-14T09:52:30","guid":{"rendered":"https:\/\/www.krajskakniznicazilina.sk\/?p=5922"},"modified":"2020-10-26T18:47:43","modified_gmt":"2020-10-26T17:47:43","slug":"kniznica-nielen-z-domu-oktober","status":"publish","type":"post","link":"https:\/\/www.krajskakniznicazilina.sk\/index.php\/2020\/10\/14\/kniznica-nielen-z-domu-oktober\/","title":{"rendered":"Kni\u017enica (nielen) z domu &#8211; okt\u00f3ber"},"content":{"rendered":"<p style=\"text-align: justify;\">V okt\u00f3bri sme si pre v\u00e1s znovu pripravili online podujatia, ur\u010den\u00e9 predov\u0161etk\u00fdm pre deti:<\/p>\n<p style=\"text-align: justify;\"><strong><a href=\"https:\/\/www.krajskakniznicazilina.sk\/clanky\/2020\/10\/online%20okt%C3%B3ber.jpg\"><img decoding=\"async\" class=\"alignleft size-full\" src=\"https:\/\/www.krajskakniznicazilina.sk\/clanky\/2020\/10\/online%20okt%C3%B3ber.jpg\" width=\"40%\" height=\"40%\" \/><\/a>15.10.2020 \u2013 <\/strong><strong>N\u00e1v\u0161teva d\u00e1vnej \u017diliny<\/strong><br \/>\nPovieme si nie\u010do o tom, ako vyzeralo na\u0161e mesto pred 50 rokmi. Podujatie n\u00e1jdete zverejnen\u00e9 v tento de\u0148 na Facebooku <a href=\"https:\/\/www.facebook.com\/kniznicazilinadeti\/\">@kniznicazilinadeti<\/a><\/p>\n<p style=\"text-align: justify;\"><strong>22.10.2020 \u2013 <\/strong><strong>Vyhodnotenie s\u00fa\u0165a\u017ee Tvor\u00edme vlastn\u00fa knihu<\/strong><br \/>\nVyhodnotenie n\u00e1rodn\u00e9ho kola XXI. ro\u010dn\u00edka medzin\u00e1rodnej slovensko-\u010desko-po\u013eskej s\u00fa\u0165a\u017ee s t\u00e9mou Stra\u0161idl\u00e1.\u00a0Podujatie n\u00e1jdete zverejnen\u00e9 v tento de\u0148 na Facebooku <a href=\"https:\/\/www.facebook.com\/kniznicazilinadeti\/\">@kniznicazilinadeti<\/a><\/p>\n<p style=\"text-align: justify;\"><strong>29.10.2020 \u2013 <\/strong><strong>Povesti zo starej \u017diliny<\/strong><br \/>\nVyd\u00e1me sa na cestu do r\u00ed\u0161e, kde sa prel\u00edna hist\u00f3ria s fant\u00e1ziou. Podujatie n\u00e1jdete zverejnen\u00e9 v tento de\u0148 na Facebooku <a href=\"https:\/\/www.facebook.com\/kniznicazilinadeti\/\">@kniznicazilinadeti<\/a><\/p>\n<p style=\"text-align: justify;\">V\u0161etky vide\u00e1 z video podujat\u00ed n\u00e1jdete aj na na\u0161om YouTube kan\u00e1li <a href=\"https:\/\/bit.ly\/KKZAyoutube\">https:\/\/bit.ly\/KKZAyoutube<\/a><\/p>\n","protected":false},"excerpt":{"rendered":"<p>V okt\u00f3bri sme si pre v\u00e1s znovu pripravili online podujatia, ur\u010den\u00e9 predov\u0161etk\u00fdm pre deti: 15.10.2020 \u2013 N\u00e1v\u0161teva d\u00e1vnej \u017diliny Povieme si nie\u010do o tom, ako vyzeralo na\u0161e mesto pred 50 rokmi. Podujatie n\u00e1jdete zverejnen\u00e9 v tento de\u0148 na Facebooku @kniznicazilinadeti 22.10.2020 \u2013 Vyhodnotenie s\u00fa\u0165a\u017ee Tvor\u00edme vlastn\u00fa knihu Vyhodnotenie n\u00e1rodn\u00e9ho kola XXI. ro\u010dn\u00edka medzin\u00e1rodnej slovensko-\u010desko-po\u013eskej s\u00fa\u0165a\u017ee &#8230; <a title=\"Kni\u017enica (nielen) z domu &#8211; okt\u00f3ber\" class=\"read-more\" href=\"https:\/\/www.krajskakniznicazilina.sk\/index.php\/2020\/10\/14\/kniznica-nielen-z-domu-oktober\/\" aria-label=\"Pre\u010d\u00edtajte si viac o Kni\u017enica (nielen) z domu &#8211; okt\u00f3ber\">\u010c\u00edta\u0165 viac<\/a><\/p>\n","protected":false},"author":1,"featured_media":0,"comment_status":"open","ping_status":"open","sticky":false,"template":"","format":"image","meta":{"footnotes":""},"categories":[12,43],"tags":[],"class_list":["post-5922","post","type-post","status-publish","format-image","hentry","category-podujatie","category-tvk","post_format-post-format-image"],"_links":{"self":[{"href":"https:\/\/www.krajskakniznicazilina.sk\/index.php\/wp-json\/wp\/v2\/posts\/5922","targetHints":{"allow":["GET"]}}],"collection":[{"href":"https:\/\/www.krajskakniznicazilina.sk\/index.php\/wp-json\/wp\/v2\/posts"}],"about":[{"href":"https:\/\/www.krajskakniznicazilina.sk\/index.php\/wp-json\/wp\/v2\/types\/post"}],"author":[{"embeddable":true,"href":"https:\/\/www.krajskakniznicazilina.sk\/index.php\/wp-json\/wp\/v2\/users\/1"}],"replies":[{"embeddable":true,"href":"https:\/\/www.krajskakniznicazilina.sk\/index.php\/wp-json\/wp\/v2\/comments?post=5922"}],"version-history":[{"count":4,"href":"https:\/\/www.krajskakniznicazilina.sk\/index.php\/wp-json\/wp\/v2\/posts\/5922\/revisions"}],"predecessor-version":[{"id":5951,"href":"https:\/\/www.krajskakniznicazilina.sk\/index.php\/wp-json\/wp\/v2\/posts\/5922\/revisions\/5951"}],"wp:attachment":[{"href":"https:\/\/www.krajskakniznicazilina.sk\/index.php\/wp-json\/wp\/v2\/media?parent=5922"}],"wp:term":[{"taxonomy":"category","embeddable":true,"href":"https:\/\/www.krajskakniznicazilina.sk\/index.php\/wp-json\/wp\/v2\/categories?post=5922"},{"taxonomy":"post_tag","embeddable":true,"href":"https:\/\/www.krajskakniznicazilina.sk\/index.php\/wp-json\/wp\/v2\/tags?post=5922"}],"curies":[{"name":"wp","href":"https:\/\/api.w.org\/{rel}","templated":true}]}}