{"id":5936,"date":"2020-10-23T09:51:02","date_gmt":"2020-10-23T07:51:02","guid":{"rendered":"https:\/\/www.krajskakniznicazilina.sk\/?p=5936"},"modified":"2020-11-02T10:27:17","modified_gmt":"2020-11-02T09:27:17","slug":"obmedzenia-24-10","status":"publish","type":"post","link":"https:\/\/www.krajskakniznicazilina.sk\/index.php\/2020\/10\/23\/obmedzenia-24-10\/","title":{"rendered":"Obmedzenia kni\u017enice od 24.10.2020"},"content":{"rendered":"<h4 style=\"text-align: justify;\">Mil\u00ed \u010ditatelia,<a href=\"https:\/\/www.krajskakniznicazilina.sk\/clanky\/2020\/10\/oznam.jpg\"><img decoding=\"async\" class=\"size-full alignright\" src=\"https:\/\/www.krajskakniznicazilina.sk\/clanky\/2020\/10\/oznam.jpg\" width=\"40%\" height=\"40%\" \/><\/a><br \/>\nz d\u00f4vodu zhor\u0161uj\u00facej sa pandemickej situ\u00e1cie V\u00e1m oznamujeme, \u017ee v zmysle Uznesenia vl\u00e1dy SR \u010d.678 z 22.10.2020 <strong>nebudete m\u00f4c\u0165 nav\u0161t\u00edvi\u0165 na\u0161u kni\u017enicu od 24.10.2020 do 31.10.2020<\/strong>.<\/h4>\n<h4 style=\"text-align: justify;\"><strong>Od 24.10.2020 zastavujeme vytv\u00e1ranie upomienok do 8.11.2020<\/strong>, u\u017e existuj\u00face upomienky sa nebud\u00fa po\u010das tohto obdobia zvy\u0161ova\u0165.<\/h4>\n<h4 style=\"text-align: justify;\">Odpor\u00fa\u010dame V\u00e1m vyu\u017e\u00edva\u0165 online slu\u017eby kni\u017enice (v\u00fdpo\u017ei\u010dky ekn\u00edh cez online katal\u00f3g kni\u017enice, vypracovanie re\u0161er\u0161e po dohode mailom, online podujatia).<\/h4>\n<h4 style=\"text-align: justify;\">Po\u017ei\u010dan\u00e9 knihy z centr\u00e1lnej kni\u017enice V\u00e1m odpor\u00fa\u010dame vr\u00e1ti\u0165 cez bibliobox.<\/h4>\n<h4 style=\"text-align: justify;\"><strong>Pobo\u010dky kni\u017enice bud\u00fa zatvoren\u00e9 do odvolania.<\/strong><\/h4>\n","protected":false},"excerpt":{"rendered":"<p>Mil\u00ed \u010ditatelia, z d\u00f4vodu zhor\u0161uj\u00facej sa pandemickej situ\u00e1cie V\u00e1m oznamujeme, \u017ee v zmysle Uznesenia vl\u00e1dy SR \u010d.678 z 22.10.2020 nebudete m\u00f4c\u0165 nav\u0161t\u00edvi\u0165 na\u0161u kni\u017enicu od 24.10.2020 do 31.10.2020. Od 24.10.2020 zastavujeme vytv\u00e1ranie upomienok do 8.11.2020, u\u017e existuj\u00face upomienky sa nebud\u00fa po\u010das tohto obdobia zvy\u0161ova\u0165. Odpor\u00fa\u010dame V\u00e1m vyu\u017e\u00edva\u0165 online slu\u017eby kni\u017enice (v\u00fdpo\u017ei\u010dky ekn\u00edh cez online katal\u00f3g &#8230; <a title=\"Obmedzenia kni\u017enice od 24.10.2020\" class=\"read-more\" href=\"https:\/\/www.krajskakniznicazilina.sk\/index.php\/2020\/10\/23\/obmedzenia-24-10\/\" aria-label=\"Pre\u010d\u00edtajte si viac o Obmedzenia kni\u017enice od 24.10.2020\">\u010c\u00edta\u0165 viac<\/a><\/p>\n","protected":false},"author":1,"featured_media":0,"comment_status":"open","ping_status":"open","sticky":false,"template":"","format":"image","meta":{"footnotes":""},"categories":[1],"tags":[],"class_list":["post-5936","post","type-post","status-publish","format-image","hentry","category-oznam","post_format-post-format-image"],"_links":{"self":[{"href":"https:\/\/www.krajskakniznicazilina.sk\/index.php\/wp-json\/wp\/v2\/posts\/5936","targetHints":{"allow":["GET"]}}],"collection":[{"href":"https:\/\/www.krajskakniznicazilina.sk\/index.php\/wp-json\/wp\/v2\/posts"}],"about":[{"href":"https:\/\/www.krajskakniznicazilina.sk\/index.php\/wp-json\/wp\/v2\/types\/post"}],"author":[{"embeddable":true,"href":"https:\/\/www.krajskakniznicazilina.sk\/index.php\/wp-json\/wp\/v2\/users\/1"}],"replies":[{"embeddable":true,"href":"https:\/\/www.krajskakniznicazilina.sk\/index.php\/wp-json\/wp\/v2\/comments?post=5936"}],"version-history":[{"count":6,"href":"https:\/\/www.krajskakniznicazilina.sk\/index.php\/wp-json\/wp\/v2\/posts\/5936\/revisions"}],"predecessor-version":[{"id":5943,"href":"https:\/\/www.krajskakniznicazilina.sk\/index.php\/wp-json\/wp\/v2\/posts\/5936\/revisions\/5943"}],"wp:attachment":[{"href":"https:\/\/www.krajskakniznicazilina.sk\/index.php\/wp-json\/wp\/v2\/media?parent=5936"}],"wp:term":[{"taxonomy":"category","embeddable":true,"href":"https:\/\/www.krajskakniznicazilina.sk\/index.php\/wp-json\/wp\/v2\/categories?post=5936"},{"taxonomy":"post_tag","embeddable":true,"href":"https:\/\/www.krajskakniznicazilina.sk\/index.php\/wp-json\/wp\/v2\/tags?post=5936"}],"curies":[{"name":"wp","href":"https:\/\/api.w.org\/{rel}","templated":true}]}}