{"id":5947,"date":"2020-10-26T14:09:22","date_gmt":"2020-10-26T13:09:22","guid":{"rendered":"https:\/\/www.krajskakniznicazilina.sk\/?p=5947"},"modified":"2020-10-26T18:46:44","modified_gmt":"2020-10-26T17:46:44","slug":"ts-noc-sa-2020","status":"publish","type":"post","link":"https:\/\/www.krajskakniznicazilina.sk\/index.php\/2020\/10\/26\/ts-noc-sa-2020\/","title":{"rendered":"Noc s Andersenom 2020"},"content":{"rendered":"<p style=\"text-align: justify;\"><a href=\"https:\/\/www.krajskakniznicazilina.sk\/clanky\/2020\/10\/noc2020.jpg\"><img decoding=\"async\" class=\"alignleft size-full\" src=\"https:\/\/www.krajskakniznicazilina.sk\/clanky\/2020\/10\/noc2020.jpg\" width=\"40%\" height=\"40%\" \/><\/a>\u017dilina, 22. okt\u00f3ber<\/p>\n<p style=\"text-align: justify;\">Spolo\u010dn\u00fdm \u010d\u00edtan\u00edm si ka\u017edoro\u010dne na za\u010diatku apr\u00edla deti pripom\u00ednaj\u00fa narodenie d\u00e1nskeho rozpr\u00e1vkara Hansa Christiana Andersena. \u00a0Kni\u017enice poz\u00fdvaj\u00fa deti do svojich priestorov, aby za\u017eili \u010d\u00edtanie v kni\u017enici a knihy \u00faplne in\u00fdm sp\u00f4sobom, v noci. Po\u010das nej si deti spolo\u010dne \u010d\u00edtaj\u00fa,\u00a0 vyrobia si nie\u010do zauj\u00edmav\u00e9 na pamiatku a za\u017eij\u00fa kr\u00e1snu rozpr\u00e1vkov\u00fa noc. Prv\u00fdkr\u00e1t m\u00e1 Slovensko aj ambas\u00e1dorku Noci s\u00a0Andersenom, je \u0148ou spev\u00e1\u010dka Dara Rolins. A pre\u010do sa tak rozhodla? Ako sama povedala, m\u00e1 sa \u010d\u00edta\u0165 aj v dobe elektronick\u00fdch vymo\u017eenost\u00ed a aplik\u00e1ci\u00ed a kniha je najzmysluplnej\u0161ou formou z\u00e1bavy. Tvrd\u00ed to aj na z\u00e1klade vlastn\u00fdch sk\u00fasenost\u00ed, ke\u010f\u017ee m\u00e1 doma 11-ro\u010dn\u00fa sle\u010dnu, ktor\u00e1 rada \u010d\u00edta.\u00a0 Chce t\u00fdm apelova\u0165 na rodi\u010dov a ich deti, aby viac \u010d\u00edtali. V roku 1983 naspievala aj pesni\u010dku P\u00e1n Andersen.<\/p>\n<p style=\"text-align: justify;\">Krajsk\u00e1 kni\u017enica v \u017diline 9. okt\u00f3bra 2020 kv\u00f4li pand\u00e9mii pripomenula de\u0165om magick\u00fa Noc s Andersenom netradi\u010dne, a to cez soci\u00e1lne siete. Vyzvala deti, aby sa do \u010d\u00edtania zapojili z domu. Rodi\u010dia mali do kni\u017enice\u00a0 posla\u0165 fotografiu svojich det\u00ed \u010d\u00edtaj\u00facich v pohodl\u00ed domova alebo si ich ratolesti mohli vytvori\u0165 klob\u00fak\u00a0 Harryho Pottera. Tre\u0165ou v\u00fdzvou pre deti bolo overenie si vedomost\u00ed v kv\u00edze z\u00a0 \u010darovnej s\u00e9rie kn\u00edh. Svoje v\u00fdtvory a fotografie mali zasla\u0165\u00a0 mailom alebo priamo na facebook kni\u017enice. V\u0161etky deti, ktor\u00e9 sa zapojili do s\u00fa\u0165a\u017ee, si\u00a0 nesk\u00f4r mohli vyzdvihn\u00fa\u0165 v kni\u017enici poh\u013eadnicu Harryho Pottera.<\/p>\n<p style=\"text-align: justify;\">Do s\u00fa\u0165a\u017ee sa zapojilo celkom 29 det\u00ed. V\u0161etci post\u00fapili do \u017erebovania, ktor\u00e9 sa uskuto\u010dnilo d\u0148a 20. okt\u00f3bra, tie\u017e online formou. V\u00ed\u0165azkou sa stala Barborka Ga\u0161incov\u00e1, ktor\u00fa v\u00a0kni\u017enici \u010dakal mil\u00fd dar\u010dek.<\/p>\n<p style=\"text-align: justify;\">A \u010do bude po\u010das Noci s\u00a0Andersenom v roku 2021? Predsa spolo\u010dne ver\u00edme, \u017ee v\u00a0kni\u017enici\u00a0 u\u017e na\u017eivo s\u00a0de\u0165mi str\u00e1vime pri \u010d\u00edtan\u00ed rozpr\u00e1vok skuto\u010dn\u00fa k\u00fazeln\u00fa noc.<\/p>\n<p style=\"text-align: justify;\"><strong>Mgr. Jana Neslu\u0161anov\u00e1<\/strong>,\u00a0Koordin\u00e1torka\u00a0 kult\u00farno-v\u00fdchovnej \u010dinnosti<\/p>\n","protected":false},"excerpt":{"rendered":"<p>\u017dilina, 22. okt\u00f3ber Spolo\u010dn\u00fdm \u010d\u00edtan\u00edm si ka\u017edoro\u010dne na za\u010diatku apr\u00edla deti pripom\u00ednaj\u00fa narodenie d\u00e1nskeho rozpr\u00e1vkara Hansa Christiana Andersena. \u00a0Kni\u017enice poz\u00fdvaj\u00fa deti do svojich priestorov, aby za\u017eili \u010d\u00edtanie v kni\u017enici a knihy \u00faplne in\u00fdm sp\u00f4sobom, v noci. Po\u010das nej si deti spolo\u010dne \u010d\u00edtaj\u00fa,\u00a0 vyrobia si nie\u010do zauj\u00edmav\u00e9 na pamiatku a za\u017eij\u00fa kr\u00e1snu rozpr\u00e1vkov\u00fa noc. Prv\u00fdkr\u00e1t m\u00e1 &#8230; <a title=\"Noc s Andersenom 2020\" class=\"read-more\" href=\"https:\/\/www.krajskakniznicazilina.sk\/index.php\/2020\/10\/26\/ts-noc-sa-2020\/\" aria-label=\"Pre\u010d\u00edtajte si viac o Noc s Andersenom 2020\">\u010c\u00edta\u0165 viac<\/a><\/p>\n","protected":false},"author":1,"featured_media":0,"comment_status":"open","ping_status":"open","sticky":false,"template":"","format":"image","meta":{"footnotes":""},"categories":[19],"tags":[],"class_list":["post-5947","post","type-post","status-publish","format-image","hentry","category-tlacova-sprava","post_format-post-format-image"],"_links":{"self":[{"href":"https:\/\/www.krajskakniznicazilina.sk\/index.php\/wp-json\/wp\/v2\/posts\/5947","targetHints":{"allow":["GET"]}}],"collection":[{"href":"https:\/\/www.krajskakniznicazilina.sk\/index.php\/wp-json\/wp\/v2\/posts"}],"about":[{"href":"https:\/\/www.krajskakniznicazilina.sk\/index.php\/wp-json\/wp\/v2\/types\/post"}],"author":[{"embeddable":true,"href":"https:\/\/www.krajskakniznicazilina.sk\/index.php\/wp-json\/wp\/v2\/users\/1"}],"replies":[{"embeddable":true,"href":"https:\/\/www.krajskakniznicazilina.sk\/index.php\/wp-json\/wp\/v2\/comments?post=5947"}],"version-history":[{"count":3,"href":"https:\/\/www.krajskakniznicazilina.sk\/index.php\/wp-json\/wp\/v2\/posts\/5947\/revisions"}],"predecessor-version":[{"id":5950,"href":"https:\/\/www.krajskakniznicazilina.sk\/index.php\/wp-json\/wp\/v2\/posts\/5947\/revisions\/5950"}],"wp:attachment":[{"href":"https:\/\/www.krajskakniznicazilina.sk\/index.php\/wp-json\/wp\/v2\/media?parent=5947"}],"wp:term":[{"taxonomy":"category","embeddable":true,"href":"https:\/\/www.krajskakniznicazilina.sk\/index.php\/wp-json\/wp\/v2\/categories?post=5947"},{"taxonomy":"post_tag","embeddable":true,"href":"https:\/\/www.krajskakniznicazilina.sk\/index.php\/wp-json\/wp\/v2\/tags?post=5947"}],"curies":[{"name":"wp","href":"https:\/\/api.w.org\/{rel}","templated":true}]}}