{"id":5956,"date":"2020-10-30T07:11:28","date_gmt":"2020-10-30T06:11:28","guid":{"rendered":"https:\/\/www.krajskakniznicazilina.sk\/?p=5956"},"modified":"2020-10-29T10:48:27","modified_gmt":"2020-10-29T09:48:27","slug":"seminar-peter-tvrdy","status":"publish","type":"post","link":"https:\/\/www.krajskakniznicazilina.sk\/index.php\/2020\/10\/30\/seminar-peter-tvrdy\/","title":{"rendered":"Semin\u00e1r &#8211; Peter Tvrd\u00fd"},"content":{"rendered":"<p style=\"text-align: justify;\"><a href=\"https:\/\/www.krajskakniznicazilina.sk\/clanky\/2020\/11\/peter%20tvrd%C3%BD%20semin%C3%A1r.jpg\"><img decoding=\"async\" class=\"alignright size-full\" src=\"https:\/\/www.krajskakniznicazilina.sk\/clanky\/2020\/11\/peter%20tvrd%C3%BD%20semin%C3%A1r.jpg\" width=\"40%\" height=\"40%\" \/><\/a>Spomienkov\u00fd semin\u00e1r o\u00a0Petrovi Tvrdom pri pr\u00edle\u017eitosti jeho 170. v\u00fdro\u010dia narodenia a 85. v\u00fdro\u010dia \u00famrtia. Peter Tvrd\u00fd bol jazykovedec, knihovn\u00edk, prekladate\u013e, lexikograf a pedag\u00f3g. Predn\u00e1\u0161aj\u00faci bude Mgr. Peter \u0160tansk\u00fd a Doc.PhDr. Pavol Pareni\u010dka, PhD.<\/p>\n<p style=\"text-align: justify;\">Video semin\u00e1ra zverejn\u00edme <strong>4. novembra 2020<\/strong> na webstr\u00e1nke kni\u017enice, youtube aj facebooku.<\/p>\n","protected":false},"excerpt":{"rendered":"<p>Spomienkov\u00fd semin\u00e1r o\u00a0Petrovi Tvrdom pri pr\u00edle\u017eitosti jeho 170. v\u00fdro\u010dia narodenia a 85. v\u00fdro\u010dia \u00famrtia. Peter Tvrd\u00fd bol jazykovedec, knihovn\u00edk, prekladate\u013e, lexikograf a pedag\u00f3g. Predn\u00e1\u0161aj\u00faci bude Mgr. Peter \u0160tansk\u00fd a Doc.PhDr. Pavol Pareni\u010dka, PhD. Video semin\u00e1ra zverejn\u00edme 4. novembra 2020 na webstr\u00e1nke kni\u017enice, youtube aj facebooku.<\/p>\n","protected":false},"author":1,"featured_media":0,"comment_status":"open","ping_status":"open","sticky":false,"template":"","format":"image","meta":{"footnotes":""},"categories":[22],"tags":[],"class_list":["post-5956","post","type-post","status-publish","format-image","hentry","category-prednaska","post_format-post-format-image"],"_links":{"self":[{"href":"https:\/\/www.krajskakniznicazilina.sk\/index.php\/wp-json\/wp\/v2\/posts\/5956","targetHints":{"allow":["GET"]}}],"collection":[{"href":"https:\/\/www.krajskakniznicazilina.sk\/index.php\/wp-json\/wp\/v2\/posts"}],"about":[{"href":"https:\/\/www.krajskakniznicazilina.sk\/index.php\/wp-json\/wp\/v2\/types\/post"}],"author":[{"embeddable":true,"href":"https:\/\/www.krajskakniznicazilina.sk\/index.php\/wp-json\/wp\/v2\/users\/1"}],"replies":[{"embeddable":true,"href":"https:\/\/www.krajskakniznicazilina.sk\/index.php\/wp-json\/wp\/v2\/comments?post=5956"}],"version-history":[{"count":2,"href":"https:\/\/www.krajskakniznicazilina.sk\/index.php\/wp-json\/wp\/v2\/posts\/5956\/revisions"}],"predecessor-version":[{"id":5970,"href":"https:\/\/www.krajskakniznicazilina.sk\/index.php\/wp-json\/wp\/v2\/posts\/5956\/revisions\/5970"}],"wp:attachment":[{"href":"https:\/\/www.krajskakniznicazilina.sk\/index.php\/wp-json\/wp\/v2\/media?parent=5956"}],"wp:term":[{"taxonomy":"category","embeddable":true,"href":"https:\/\/www.krajskakniznicazilina.sk\/index.php\/wp-json\/wp\/v2\/categories?post=5956"},{"taxonomy":"post_tag","embeddable":true,"href":"https:\/\/www.krajskakniznicazilina.sk\/index.php\/wp-json\/wp\/v2\/tags?post=5956"}],"curies":[{"name":"wp","href":"https:\/\/api.w.org\/{rel}","templated":true}]}}