{"id":5958,"date":"2020-10-29T10:45:25","date_gmt":"2020-10-29T09:45:25","guid":{"rendered":"https:\/\/www.krajskakniznicazilina.sk\/?p=5958"},"modified":"2020-11-16T07:53:06","modified_gmt":"2020-11-16T06:53:06","slug":"online-november-20","status":"publish","type":"post","link":"https:\/\/www.krajskakniznicazilina.sk\/index.php\/2020\/10\/29\/online-november-20\/","title":{"rendered":"Kni\u017enica (nielen) z domu \u2013 november"},"content":{"rendered":"<p style=\"text-align: justify;\"><a href=\"https:\/\/www.krajskakniznicazilina.sk\/clanky\/2020\/11\/online%20november.jpg\"><img decoding=\"async\" class=\"alignleft size-full\" src=\"https:\/\/www.krajskakniznicazilina.sk\/clanky\/2020\/11\/online%20november.jpg\" width=\"40%\" height=\"40%\" \/><\/a>Na mesiac november, sme si pre v\u00e1s pripravili online podujatia, ktor\u00e9 n\u00e1jdete na na\u0161ej <a href=\"https:\/\/www.krajskakniznicazilina.sk\/\">webovej str\u00e1nke<\/a>, Facebooku: <a href=\"https:\/\/www.facebook.com\/krajskakniznicazilina\/\">Krajsk\u00e1 kni\u017enica v \u017diline<\/a>, <a href=\"https:\/\/www.facebook.com\/kniznicazilinadeti\/\">Krajsk\u00e1 kni\u017enica v \u017diline &#8211; deti<\/a> alebo na <a href=\"https:\/\/www.youtube.com\/channel\/UChz5Mb9BIaumZnsvgbmjDug\">Youtube<\/a>.<\/p>\n<p style=\"text-align: justify;\"><strong>5.11. 2020 &#8211; Etika a etiketa<\/strong><br \/>\nKr\u00e1tka uk\u00e1\u017eka o tom, ak\u00fd je rozdiel a \u010do maj\u00fa spolo\u010dn\u00e9 etika a etiketa. Na z\u00e1ver bude aj humorn\u00e1 praktick\u00e1 uk\u00e1\u017eka spolo\u010densk\u00e9ho bont\u00f3nu.<\/p>\n<p style=\"text-align: justify;\"><strong>12.11. 2020 &#8211; O ps\u00ed\u010dkovi a ma\u010di\u010dke<\/strong><br \/>\nDivadielko o tom, ako ps\u00ed\u010dek a ma\u010di\u010dka spolu piekli tortu a ak\u00e9 dobroty do toho zamie\u0161ali si m\u00f4\u017eete pozrie\u0165 v kr\u00e1tkej uk\u00e1\u017eke.<\/p>\n<p style=\"text-align: justify;\"><strong>19.11. 2020 &#8211; Kritick\u00e9 myslenie na internete<\/strong><br \/>\nSp\u00f4soby ako \u010deli\u0165 r\u00f4znym internetov\u00fdm poku\u0161eniam a zav\u00e1dzaj\u00facim inform\u00e1ci\u00e1m, aby sme si dok\u00e1zali zachova\u0165 zdrav\u00fd rozum a internet vyu\u017e\u00edvali v prvom rade ako zdroj pln\u00fd u\u017eito\u010dn\u00fdch inform\u00e1cii, podnetov a n\u00e1padov pre n\u00e1\u0161 ka\u017edodenn\u00fd \u017eivot.<\/p>\n<p style=\"text-align: justify;\"><strong>23.11. 2020 &#8211; Vyhodnotenie Liter\u00e1rnej ceny Janka Fr\u00e1trika<\/strong><br \/>\nVyhodnotenie Liter\u00e1rnej s\u00fa\u0165a\u017ee pre \u017eiakov z\u00e1kladn\u00fdch \u0161k\u00f4l, osemro\u010dn\u00fdch gymn\u00e1zi\u00ed, stredn\u00fdch odborn\u00fdch \u0161k\u00f4l a gymn\u00e1zi\u00ed. Liter\u00e1rna s\u00fa\u0165a\u017e bola zameran\u00e1 na tvorbu po\u00e9zie bez zadania t\u00e9my a ur\u010den\u00e1 de\u0165om a mlad\u00fdm \u013eu\u010fom do 20 rokov, ktor\u00ed trvale \u017eij\u00fa na \u00fazem\u00ed SR.<\/p>\n<p style=\"text-align: justify;\"><strong>26.11. 2020 &#8211; Jesenn\u00e9 tvoriv\u00e9 dielne<\/strong><br \/>\nKr\u00e1tka uk\u00e1\u017eka z tvoriv\u00fdch dieln\u00ed. Budeme si vyr\u00e1ba\u0165 jesenn\u00fd strom obsypan\u00fd farebn\u00fdmi listami. Budeme potrebova\u0165: farebn\u00fd papier, lepidlo, no\u017enice a va\u0161e \u0161ikovn\u00e9 ru\u010di\u010dky.<\/p>\n","protected":false},"excerpt":{"rendered":"<p>Na mesiac november, sme si pre v\u00e1s pripravili online podujatia, ktor\u00e9 n\u00e1jdete na na\u0161ej webovej str\u00e1nke, Facebooku: Krajsk\u00e1 kni\u017enica v \u017diline, Krajsk\u00e1 kni\u017enica v \u017diline &#8211; deti alebo na Youtube. 5.11. 2020 &#8211; Etika a etiketa Kr\u00e1tka uk\u00e1\u017eka o tom, ak\u00fd je rozdiel a \u010do maj\u00fa spolo\u010dn\u00e9 etika a etiketa. Na z\u00e1ver bude aj humorn\u00e1 &#8230; <a title=\"Kni\u017enica (nielen) z domu \u2013 november\" class=\"read-more\" href=\"https:\/\/www.krajskakniznicazilina.sk\/index.php\/2020\/10\/29\/online-november-20\/\" aria-label=\"Pre\u010d\u00edtajte si viac o Kni\u017enica (nielen) z domu \u2013 november\">\u010c\u00edta\u0165 viac<\/a><\/p>\n","protected":false},"author":1,"featured_media":0,"comment_status":"open","ping_status":"open","sticky":false,"template":"","format":"image","meta":{"footnotes":""},"categories":[50,12],"tags":[],"class_list":["post-5958","post","type-post","status-publish","format-image","hentry","category-literarna-cena-janka-fratrika","category-podujatie","post_format-post-format-image"],"_links":{"self":[{"href":"https:\/\/www.krajskakniznicazilina.sk\/index.php\/wp-json\/wp\/v2\/posts\/5958","targetHints":{"allow":["GET"]}}],"collection":[{"href":"https:\/\/www.krajskakniznicazilina.sk\/index.php\/wp-json\/wp\/v2\/posts"}],"about":[{"href":"https:\/\/www.krajskakniznicazilina.sk\/index.php\/wp-json\/wp\/v2\/types\/post"}],"author":[{"embeddable":true,"href":"https:\/\/www.krajskakniznicazilina.sk\/index.php\/wp-json\/wp\/v2\/users\/1"}],"replies":[{"embeddable":true,"href":"https:\/\/www.krajskakniznicazilina.sk\/index.php\/wp-json\/wp\/v2\/comments?post=5958"}],"version-history":[{"count":6,"href":"https:\/\/www.krajskakniznicazilina.sk\/index.php\/wp-json\/wp\/v2\/posts\/5958\/revisions"}],"predecessor-version":[{"id":6015,"href":"https:\/\/www.krajskakniznicazilina.sk\/index.php\/wp-json\/wp\/v2\/posts\/5958\/revisions\/6015"}],"wp:attachment":[{"href":"https:\/\/www.krajskakniznicazilina.sk\/index.php\/wp-json\/wp\/v2\/media?parent=5958"}],"wp:term":[{"taxonomy":"category","embeddable":true,"href":"https:\/\/www.krajskakniznicazilina.sk\/index.php\/wp-json\/wp\/v2\/categories?post=5958"},{"taxonomy":"post_tag","embeddable":true,"href":"https:\/\/www.krajskakniznicazilina.sk\/index.php\/wp-json\/wp\/v2\/tags?post=5958"}],"curies":[{"name":"wp","href":"https:\/\/api.w.org\/{rel}","templated":true}]}}