{"id":5960,"date":"2020-11-02T14:51:55","date_gmt":"2020-11-02T13:51:55","guid":{"rendered":"https:\/\/www.krajskakniznicazilina.sk\/?p=5960"},"modified":"2020-11-16T07:43:55","modified_gmt":"2020-11-16T06:43:55","slug":"vystava-peter-tvrdy","status":"publish","type":"post","link":"https:\/\/www.krajskakniznicazilina.sk\/index.php\/2020\/11\/02\/vystava-peter-tvrdy\/","title":{"rendered":"V\u00fdstava Peter Tvrd\u00fd"},"content":{"rendered":"<p style=\"text-align: justify;\">V\u00fdstava pri pr\u00edle\u017eitosti 170. v\u00fdro\u010dia narodenia a 85. v\u00fdro\u010dia \u00famrtia. Peter Tvrd\u00fd bol jazykovedec, lexikograf, prekladate\u013e a pedag\u00f3g. Predstav\u00edme V\u00e1m biografiu a tvorbu v\u00fdznamn\u00e9ho \u017eilinsk\u00e9ho rod\u00e1ka. V\u00fdstavu n\u00e1jdete na pr\u00edzem\u00ed Krajskej kni\u017enice v \u017diline od 2. do 14. novembra 2020.<\/p>\n<p style=\"text-align: justify;\"><iframe loading=\"lazy\" src=\"https:\/\/www.youtube.com\/embed\/6zmDSNO-Kow\" width=\"560\" height=\"315\" frameborder=\"0\" allowfullscreen=\"allowfullscreen\"><\/iframe><\/p>\n<p style=\"text-align: justify;\">\n","protected":false},"excerpt":{"rendered":"<p>V\u00fdstava pri pr\u00edle\u017eitosti 170. v\u00fdro\u010dia narodenia a 85. v\u00fdro\u010dia \u00famrtia. Peter Tvrd\u00fd bol jazykovedec, lexikograf, prekladate\u013e a pedag\u00f3g. Predstav\u00edme V\u00e1m biografiu a tvorbu v\u00fdznamn\u00e9ho \u017eilinsk\u00e9ho rod\u00e1ka. V\u00fdstavu n\u00e1jdete na pr\u00edzem\u00ed Krajskej kni\u017enice v \u017diline od 2. do 14. novembra 2020.<\/p>\n","protected":false},"author":1,"featured_media":0,"comment_status":"open","ping_status":"open","sticky":false,"template":"","format":"video","meta":{"footnotes":""},"categories":[44,15],"tags":[],"class_list":["post-5960","post","type-post","status-publish","format-video","hentry","category-video","category-vystava","post_format-post-format-video"],"_links":{"self":[{"href":"https:\/\/www.krajskakniznicazilina.sk\/index.php\/wp-json\/wp\/v2\/posts\/5960","targetHints":{"allow":["GET"]}}],"collection":[{"href":"https:\/\/www.krajskakniznicazilina.sk\/index.php\/wp-json\/wp\/v2\/posts"}],"about":[{"href":"https:\/\/www.krajskakniznicazilina.sk\/index.php\/wp-json\/wp\/v2\/types\/post"}],"author":[{"embeddable":true,"href":"https:\/\/www.krajskakniznicazilina.sk\/index.php\/wp-json\/wp\/v2\/users\/1"}],"replies":[{"embeddable":true,"href":"https:\/\/www.krajskakniznicazilina.sk\/index.php\/wp-json\/wp\/v2\/comments?post=5960"}],"version-history":[{"count":5,"href":"https:\/\/www.krajskakniznicazilina.sk\/index.php\/wp-json\/wp\/v2\/posts\/5960\/revisions"}],"predecessor-version":[{"id":5984,"href":"https:\/\/www.krajskakniznicazilina.sk\/index.php\/wp-json\/wp\/v2\/posts\/5960\/revisions\/5984"}],"wp:attachment":[{"href":"https:\/\/www.krajskakniznicazilina.sk\/index.php\/wp-json\/wp\/v2\/media?parent=5960"}],"wp:term":[{"taxonomy":"category","embeddable":true,"href":"https:\/\/www.krajskakniznicazilina.sk\/index.php\/wp-json\/wp\/v2\/categories?post=5960"},{"taxonomy":"post_tag","embeddable":true,"href":"https:\/\/www.krajskakniznicazilina.sk\/index.php\/wp-json\/wp\/v2\/tags?post=5960"}],"curies":[{"name":"wp","href":"https:\/\/api.w.org\/{rel}","templated":true}]}}