{"id":5974,"date":"2020-10-30T11:23:52","date_gmt":"2020-10-30T10:23:52","guid":{"rendered":"https:\/\/www.krajskakniznicazilina.sk\/?p=5974"},"modified":"2020-10-30T12:33:45","modified_gmt":"2020-10-30T11:33:45","slug":"a-info-kniz","status":"publish","type":"post","link":"https:\/\/www.krajskakniznicazilina.sk\/index.php\/2020\/10\/30\/a-info-kniz\/","title":{"rendered":"Aktu\u00e1lne inform\u00e1cie z kni\u017enice"},"content":{"rendered":"<h4 style=\"text-align: justify;\"><a href=\"https:\/\/www.krajskakniznicazilina.sk\/clanky\/2020\/11\/otvorenie.jpg\"><img decoding=\"async\" class=\"alignright size-full\" src=\"https:\/\/www.krajskakniznicazilina.sk\/clanky\/2020\/11\/otvorenie.jpg\" width=\"40%\" height=\"40%\" \/><\/a>V\u00a0tomto n\u00e1ro\u010dnom obdob\u00ed, spojen\u00fdm so \u0161\u00edren\u00edm epid\u00e9mie a v\u00edkendov\u00fdm testovan\u00edm sa V\u00e1m sna\u017e\u00edme by\u0165 dispoz\u00edcii v\u00a0maxim\u00e1lnom mo\u017enom rozsahu.<\/h4>\n<h4 style=\"text-align: justify;\">Pokia\u013e to umo\u017enia celospolo\u010densk\u00e9 podmienky a vy budete ma\u0165 negat\u00edvny v\u00fdsledok testovania, radi V\u00e1s priv\u00edtame v otvorenej centr\u00e1lnej kni\u017enici u\u017e od pondelka<strong> 2.11.2020 od 12:00<\/strong>\u00a0z d\u00f4vodu organiza\u010dn\u00e9ho a person\u00e1lneho zabezpe\u010denia prev\u00e1dzky po testovan\u00ed obyvate\u013estva.<\/h4>\n<h4 style=\"text-align: justify;\">Pobo\u010dky <strong>Vl\u010dince a H\u00e1jik<\/strong> \u00a0\u2013 otvoren\u00e9 <strong>od<\/strong> utorka <strong>3.11.2020<\/strong> v be\u017en\u00fdch otv\u00e1rac\u00edch hodin\u00e1ch.<\/h4>\n<h4 style=\"text-align: justify;\">Pobo\u010dky <strong>Trnov\u00e9 Str\u00e1\u017eov, Byt\u010dica, Solinky<\/strong> &#8211; \u00a0<strong>zatvoren\u00e9<\/strong>.<\/h4>\n<h4 style=\"text-align: justify;\">Tvorba upomienok ost\u00e1va na\u010falej pozastaven\u00e1 do 8.11.2020. Knihy m\u00f4\u017eete vr\u00e1ti\u0165 cez bibliobox.<\/h4>\n","protected":false},"excerpt":{"rendered":"<p>V\u00a0tomto n\u00e1ro\u010dnom obdob\u00ed, spojen\u00fdm so \u0161\u00edren\u00edm epid\u00e9mie a v\u00edkendov\u00fdm testovan\u00edm sa V\u00e1m sna\u017e\u00edme by\u0165 dispoz\u00edcii v\u00a0maxim\u00e1lnom mo\u017enom rozsahu. Pokia\u013e to umo\u017enia celospolo\u010densk\u00e9 podmienky a vy budete ma\u0165 negat\u00edvny v\u00fdsledok testovania, radi V\u00e1s priv\u00edtame v otvorenej centr\u00e1lnej kni\u017enici u\u017e od pondelka 2.11.2020 od 12:00\u00a0z d\u00f4vodu organiza\u010dn\u00e9ho a person\u00e1lneho zabezpe\u010denia prev\u00e1dzky po testovan\u00ed obyvate\u013estva. Pobo\u010dky Vl\u010dince a &#8230; <a title=\"Aktu\u00e1lne inform\u00e1cie z kni\u017enice\" class=\"read-more\" href=\"https:\/\/www.krajskakniznicazilina.sk\/index.php\/2020\/10\/30\/a-info-kniz\/\" aria-label=\"Pre\u010d\u00edtajte si viac o Aktu\u00e1lne inform\u00e1cie z kni\u017enice\">\u010c\u00edta\u0165 viac<\/a><\/p>\n","protected":false},"author":1,"featured_media":0,"comment_status":"open","ping_status":"open","sticky":false,"template":"","format":"image","meta":{"footnotes":""},"categories":[1],"tags":[],"class_list":["post-5974","post","type-post","status-publish","format-image","hentry","category-oznam","post_format-post-format-image"],"_links":{"self":[{"href":"https:\/\/www.krajskakniznicazilina.sk\/index.php\/wp-json\/wp\/v2\/posts\/5974","targetHints":{"allow":["GET"]}}],"collection":[{"href":"https:\/\/www.krajskakniznicazilina.sk\/index.php\/wp-json\/wp\/v2\/posts"}],"about":[{"href":"https:\/\/www.krajskakniznicazilina.sk\/index.php\/wp-json\/wp\/v2\/types\/post"}],"author":[{"embeddable":true,"href":"https:\/\/www.krajskakniznicazilina.sk\/index.php\/wp-json\/wp\/v2\/users\/1"}],"replies":[{"embeddable":true,"href":"https:\/\/www.krajskakniznicazilina.sk\/index.php\/wp-json\/wp\/v2\/comments?post=5974"}],"version-history":[{"count":3,"href":"https:\/\/www.krajskakniznicazilina.sk\/index.php\/wp-json\/wp\/v2\/posts\/5974\/revisions"}],"predecessor-version":[{"id":5978,"href":"https:\/\/www.krajskakniznicazilina.sk\/index.php\/wp-json\/wp\/v2\/posts\/5974\/revisions\/5978"}],"wp:attachment":[{"href":"https:\/\/www.krajskakniznicazilina.sk\/index.php\/wp-json\/wp\/v2\/media?parent=5974"}],"wp:term":[{"taxonomy":"category","embeddable":true,"href":"https:\/\/www.krajskakniznicazilina.sk\/index.php\/wp-json\/wp\/v2\/categories?post=5974"},{"taxonomy":"post_tag","embeddable":true,"href":"https:\/\/www.krajskakniznicazilina.sk\/index.php\/wp-json\/wp\/v2\/tags?post=5974"}],"curies":[{"name":"wp","href":"https:\/\/api.w.org\/{rel}","templated":true}]}}