{"id":6205,"date":"2021-01-12T12:42:13","date_gmt":"2021-01-12T11:42:13","guid":{"rendered":"https:\/\/www.krajskakniznicazilina.sk\/?p=6205"},"modified":"2021-01-12T13:05:03","modified_gmt":"2021-01-12T12:05:03","slug":"iuventa-lit-podujatia","status":"publish","type":"post","link":"https:\/\/www.krajskakniznicazilina.sk\/index.php\/2021\/01\/12\/iuventa-lit-podujatia\/","title":{"rendered":"IUVENTA: Liter\u00e1rne stretnutie a Outsideri v literat\u00fare"},"content":{"rendered":"<p style=\"text-align: justify;\">Krajsk\u00e1 kni\u017enica v \u017diline sa zapojila do ponuky pre ml\u00e1de\u017e v \u010dase pand\u00e9mie, ktor\u00fa organizuje IUVENTA &#8211; Slovensk\u00fd in\u0161tit\u00fat ml\u00e1de\u017ee. Ich \u00a0z\u00e1merom je v spolupr\u00e1ci s partnermi pon\u00faknu\u0165 mlad\u00fdm \u013eu\u010fom zmyslupln\u00fd program na vo\u013en\u00fd \u010das a odreagovanie sa od aktu\u00e1lnej situ\u00e1cie.\u00a0 Podrobnej\u0161ie inform\u00e1cie n\u00e1jdete na port\u00e1li: <a href=\"https:\/\/www.pracasmladezou.sk\/index.php\/kontakt\/\">https:\/\/www.pracasmladezou.sk\/index.php\/kontakt\/<\/a><\/p>\n<p style=\"text-align: justify;\"><strong>Liter\u00e1rne stretnutie <\/strong>(pre ml\u00e1de\u017e od 13 &#8211; 19 rokov)<\/p>\n<p style=\"text-align: justify;\">Pridajte sa k\u00a0n\u00e1m cez online \u2013 zoom stretnutie, na ktorom si povieme o\u00a0liter\u00e1rnej tvorbe a\u00a0budeme analyzova\u0165 niektor\u00e9 charakteristick\u00e9 znaky sl\u00e1vnych liter\u00e1rnych diel a vysk\u00fa\u0161ame si aj kreat\u00edvne p\u00edsanie na zadan\u00fa t\u00e9mu. Bli\u017e\u0161ie inform\u00e1cie n\u00e1jdete: <a href=\"https:\/\/www.pracasmladezou.sk\/index.php\/calendar\/\">https:\/\/www.pracasmladezou.sk\/index.php\/calendar\/<\/a><\/p>\n<p style=\"text-align: justify;\">Term\u00edn stretnutia bude v stredu <strong>20.1.2021 o 14:00<\/strong>, sta\u010d\u00ed sa iba <strong>pripoji\u0165 cez odkaz<\/strong>: <a href=\"https:\/\/us04web.zoom.us\/j\/2532661663?pwd=bVJGRUhPR1BTeGgxbXFmeG9PNWxBZz09\">https:\/\/us04web.zoom.us\/j\/2532661663?pwd=bVJGRUhPR1BTeGgxbXFmeG9PNWxBZz09<\/a>.<\/p>\n<p><strong>Sl\u00e1vni outsideri v literat\u00fare <\/strong>(pre \u0161tudentov stredn\u00fdch \u0161k\u00f4l)<\/p>\n<p>Podujatie je venovan\u00e9 sl\u00e1vnym spisovate\u013eom a liter\u00e1rnym postav\u00e1m, ktor\u00e9 zara\u010fujeme medzi outsidserov.<\/p>\n<p>Term\u00edn stretnutia bude v stredu <strong>27.1.2021 o 14:00<\/strong>,\u00a0 sta\u010d\u00ed sa iba <strong>pripoji\u0165 cez odkaz<\/strong>:\u00a0<a href=\"https:\/\/us04web.zoom.us\/j\/2532661663?pwd=bVJGRUhPR1BTeGgxbXFmeG9PNWxBZz09\">https:\/\/us04web.zoom.us\/j\/2532661663?pwd=bVJGRUhPR1BTeGgxbXFmeG9PNWxBZz09<\/a><\/p>\n","protected":false},"excerpt":{"rendered":"<p>Krajsk\u00e1 kni\u017enica v \u017diline sa zapojila do ponuky pre ml\u00e1de\u017e v \u010dase pand\u00e9mie, ktor\u00fa organizuje IUVENTA &#8211; Slovensk\u00fd in\u0161tit\u00fat ml\u00e1de\u017ee. Ich \u00a0z\u00e1merom je v spolupr\u00e1ci s partnermi pon\u00faknu\u0165 mlad\u00fdm \u013eu\u010fom zmyslupln\u00fd program na vo\u013en\u00fd \u010das a odreagovanie sa od aktu\u00e1lnej situ\u00e1cie.\u00a0 Podrobnej\u0161ie inform\u00e1cie n\u00e1jdete na port\u00e1li: https:\/\/www.pracasmladezou.sk\/index.php\/kontakt\/ Liter\u00e1rne stretnutie (pre ml\u00e1de\u017e od 13 &#8211; 19 &#8230; <a title=\"IUVENTA: Liter\u00e1rne stretnutie a Outsideri v literat\u00fare\" class=\"read-more\" href=\"https:\/\/www.krajskakniznicazilina.sk\/index.php\/2021\/01\/12\/iuventa-lit-podujatia\/\" aria-label=\"Pre\u010d\u00edtajte si viac o IUVENTA: Liter\u00e1rne stretnutie a Outsideri v literat\u00fare\">\u010c\u00edta\u0165 viac<\/a><\/p>\n","protected":false},"author":1,"featured_media":0,"comment_status":"open","ping_status":"open","sticky":false,"template":"","format":"image","meta":{"footnotes":""},"categories":[1,12],"tags":[],"class_list":["post-6205","post","type-post","status-publish","format-image","hentry","category-oznam","category-podujatie","post_format-post-format-image"],"_links":{"self":[{"href":"https:\/\/www.krajskakniznicazilina.sk\/index.php\/wp-json\/wp\/v2\/posts\/6205","targetHints":{"allow":["GET"]}}],"collection":[{"href":"https:\/\/www.krajskakniznicazilina.sk\/index.php\/wp-json\/wp\/v2\/posts"}],"about":[{"href":"https:\/\/www.krajskakniznicazilina.sk\/index.php\/wp-json\/wp\/v2\/types\/post"}],"author":[{"embeddable":true,"href":"https:\/\/www.krajskakniznicazilina.sk\/index.php\/wp-json\/wp\/v2\/users\/1"}],"replies":[{"embeddable":true,"href":"https:\/\/www.krajskakniznicazilina.sk\/index.php\/wp-json\/wp\/v2\/comments?post=6205"}],"version-history":[{"count":9,"href":"https:\/\/www.krajskakniznicazilina.sk\/index.php\/wp-json\/wp\/v2\/posts\/6205\/revisions"}],"predecessor-version":[{"id":6222,"href":"https:\/\/www.krajskakniznicazilina.sk\/index.php\/wp-json\/wp\/v2\/posts\/6205\/revisions\/6222"}],"wp:attachment":[{"href":"https:\/\/www.krajskakniznicazilina.sk\/index.php\/wp-json\/wp\/v2\/media?parent=6205"}],"wp:term":[{"taxonomy":"category","embeddable":true,"href":"https:\/\/www.krajskakniznicazilina.sk\/index.php\/wp-json\/wp\/v2\/categories?post=6205"},{"taxonomy":"post_tag","embeddable":true,"href":"https:\/\/www.krajskakniznicazilina.sk\/index.php\/wp-json\/wp\/v2\/tags?post=6205"}],"curies":[{"name":"wp","href":"https:\/\/api.w.org\/{rel}","templated":true}]}}