{"id":6211,"date":"2021-01-11T15:15:00","date_gmt":"2021-01-11T14:15:00","guid":{"rendered":"https:\/\/www.krajskakniznicazilina.sk\/?p=6211"},"modified":"2021-01-11T15:15:00","modified_gmt":"2021-01-11T14:15:00","slug":"vysledky-sutaze-literarna-cena-janka-fratrika-2020-5-rocnik","status":"publish","type":"post","link":"https:\/\/www.krajskakniznicazilina.sk\/index.php\/2021\/01\/11\/vysledky-sutaze-literarna-cena-janka-fratrika-2020-5-rocnik\/","title":{"rendered":"V\u00fdsledky s\u00fa\u0165a\u017ee Liter\u00e1rna cena Janka Fr\u00e1trika 2020 \u2013 5. ro\u010dn\u00edk"},"content":{"rendered":"<p style=\"text-align: justify;\">Liter\u00e1rnu s\u00fa\u0165a\u017e vyhlasuje Krajsk\u00e1 kni\u017enica v\u00a0\u017diline v\u00a0spolupr\u00e1ci s Ob\u010dianskym zdru\u017een\u00edm Br\u00e1na poznania. S\u00fa\u0165a\u017e, ktor\u00e1 je organizovan\u00e1 aj v\u00a0spolupr\u00e1ci s mestom \u017dilina a\u00a0Branislavom Oravom, vnukom Janka Fr\u00e1trika, si kladie za cie\u013e objavova\u0165 nov\u00e9 b\u00e1snick\u00e9 talenty, da\u0165 im \u0161ancu vynikn\u00fa\u0165, podpori\u0165 liter\u00e1rnu tvorbu s\u00a0cie\u013eom rozv\u00edja\u0165 pozit\u00edvne myslenie mlad\u00fdch liter\u00e1rnych talentov, podpori\u0165\u00a0\u00factu k\u00a0mor\u00e1lnym hodnot\u00e1m a\u00a0pripomen\u00fa\u0165 si v\u00fdznamn\u00e9ho \u017eilinsk\u00e9ho b\u00e1snika, prekladate\u013ea a\u00a0pedag\u00f3ga, jedn\u00e9ho z\u00a0najv\u00fdznamnej\u0161\u00edch predstavite\u013eov Katol\u00edckej moderny na Slovensku, Janka Fr\u00e1trika. S\u00fa\u0165a\u017e je zameran\u00e1 na tvorbu po\u00e9zie bez zadanie t\u00e9my, je vyhlasovan\u00e1 ka\u017ed\u00fd rok a\u00a0je ur\u010den\u00e1 pre deti a\u00a0ml\u00e1de\u017e do 20 rokov.<!--more--><\/p>\n<p style=\"text-align: justify;\">Napriek n\u00e1ro\u010dn\u00e9mu roku 2020, ke\u010f vyu\u010dovanie na \u0161kol\u00e1ch bolo ovplyvnen\u00e9 pand\u00e9miou, svoje liter\u00e1rne pr\u00e1ce do s\u00fa\u0165a\u017ee zaslalo 96 \u017eiakov a \u0161tudentov z\u00e1kladn\u00fdch, stredn\u00fdch a z\u00e1kladn\u00fdch umeleck\u00fdch \u0161k\u00f4l z cel\u00e9ho Slovenska. Pr\u00e1ce \u017eiakov a \u0161tudentov boli rozdelen\u00e9 do dvoch skup\u00edn &#8211; 1. skupina: pr\u00e1ce \u017eiakov z\u00e1kladn\u00fdch a \u0161tudentov stredn\u00fdch \u0161k\u00f4l, 2. skupina: pr\u00e1ce \u017eiakov a \u0161tudentov z\u00e1kladn\u00fdch umeleck\u00fdch \u0161k\u00f4l. Preru\u0161en\u00e9 prezen\u010dn\u00e9 vyu\u010dovanie na \u0161kol\u00e1ch ovplyvnilo aj mno\u017estvo a \u00farove\u0148 pr\u00e1c, ktor\u00e9 sme do s\u00fa\u0165a\u017ee dostali, a to hlavne v prv\u00fdch dvoch kateg\u00f3ri\u00e1ch. V I. a II. kateg\u00f3rii pre ni\u017e\u0161iu \u00farove\u0148 pr\u00e1c boli udelen\u00e9 len prv\u00e9 miesta. V skupine \u0161peci\u00e1lnych z\u00e1kladn\u00fdch \u0161k\u00f4l v I. kateg\u00f3rii ocenenia neboli udelen\u00e9 a taktie\u017e cena nebola udelen\u00e1 ani za 3. miesto v II. kateg\u00f3rii.<\/p>\n<p><strong>1. skupina \u2013 pr\u00e1ce \u017eiakov z\u00e1kladn\u00fdch \u0161k\u00f4l<\/strong><\/p>\n<p><strong>I. kateg\u00f3ria<\/strong><\/p>\n<ol>\n<li>miesto:\u00a0<strong>Nat\u00e1lia Kem\u00e9\u0148ov\u00e1<\/strong>, Z\u0160 Karpatsk\u00e1, \u017dilina<\/li>\n<li>miesto: ocenenie neudelen\u00e9<\/li>\n<li>miesto: ocenenie neudelen\u00e9<\/li>\n<\/ol>\n<p><strong>II. kateg\u00f3ria<\/strong><\/p>\n<ol>\n<li>miesto:\u00a0<strong>Kamila Lehetov\u00e1<\/strong>, Z\u0160 Dr\u00e1bov\u00e1, Ko\u0161ice<\/li>\n<li>miesto: ocenenie neudelen\u00e9<\/li>\n<li>miesto: ocenenie neudelen\u00e9<\/li>\n<\/ol>\n<p><strong>III. kateg\u00f3ria<\/strong><\/p>\n<ol>\n<li>miesto:\u00a0<strong>Adela Jurgov\u00e1<\/strong>, Z\u0160 s\u00a0M\u0160 \u0160kolsk\u00e1, \u017dilina<\/li>\n<li>miesto:\u00a0<strong>X\u00e9nia Veronika Orlick\u00e1<\/strong>, Z\u0160 Karpatsk\u00e1, \u017dilina<\/li>\n<li>miesto:\u00a0<strong>Anna Mistr\u00edkov\u00e1<\/strong>, Z\u0160 Nobelovo n\u00e1mestie, Bratislava<\/li>\n<\/ol>\n<p><strong>IV. kateg\u00f3ria<\/strong><\/p>\n<ol>\n<li>miesto:\u00a0<strong>Mari\u00e1n \u0160intaj<\/strong>, Gymn\u00e1zium Hlinsk\u00e1, \u017dilina<\/li>\n<li>miesto:<strong>\u00a0Silvia Miartu\u0161ov\u00e1<\/strong>, Gymn\u00e1zium Ve\u013ek\u00e1 okru\u017en\u00e1, \u017dilina<\/li>\n<li>miesto:\u00a0<strong>Adam Agner<\/strong>, Spojen\u00e1 \u0161kola Novohradsk\u00e1, Bratislava<\/li>\n<\/ol>\n<p>3. miesto:\u00a0<strong>Tom\u00e1\u0161 Kri\u0161tof<\/strong>, Gymn\u00e1zium, Topo\u013e\u010dany<\/p>\n<p>\u010destn\u00e9 uznanie:\u00a0<strong>Mat\u00fa\u0161 M\u00e1ca<\/strong>, Gymn\u00e1zium, Kysuck\u00e9 Nov\u00e9 Mesto<\/p>\n<p><strong>2. skupina \u2013 \u017eiaci z\u00e1kladn\u00fdch umeleck\u00fdch \u0161k\u00f4l<\/strong><\/p>\n<p><strong>I. kateg\u00f3ria<\/strong><\/p>\n<ol>\n<li>miesto: ocenenie neudelen\u00e9<\/li>\n<li>miesto: ocenenie neudelen\u00e9<\/li>\n<li>miesto: ocenenie neudelen\u00e9<\/li>\n<\/ol>\n<p><strong>II. kateg\u00f3ria<\/strong><\/p>\n<ol>\n<li>miesto: \u00a0<strong>So\u0148a \u010cand\u00edkov\u00e1<\/strong>, ZU\u0160 J.Melkovi\u010da, Star\u00e1 \u013dubov\u0148a<\/li>\n<li>miesto:\u00a0<strong>Nela Chovancov\u00e1<\/strong>, ZU\u0160 J. Melkovi\u010da, Star\u00e1 \u013dubov\u0148a<\/li>\n<li>miesto: ocenenie neudelen\u00e9<\/li>\n<\/ol>\n<p><strong>III. kateg\u00f3ria<\/strong><\/p>\n<ol>\n<li>miesto:\u00a0<strong>Ema Jele\u0148ov\u00e1<\/strong>, ZU\u0160 J. Melkovi\u010da, Star\u00e1 \u013dubov\u0148a<\/li>\n<li>miesto:\u00a0<strong>Adam Hnat<\/strong>, ZU\u0160 J. Melkovi\u010da, Star\u00e1 \u013dubov\u0148a<\/li>\n<li>miesto:\u00a0<strong>Tina Strenkov\u00e1<\/strong>, ZU\u0160 J. Melkovi\u010da, Star\u00e1 \u013dubov\u0148a<\/li>\n<\/ol>\n<p><strong>IV. kateg\u00f3ria<\/strong><\/p>\n<ol>\n<li>miesto:\u00a0<strong>Denisa Fuja\u0161ov\u00e1<\/strong>, ZU\u0160, Kysuck\u00e9 N. Mesto<\/li>\n<li>miesto:\u00a0<strong>M\u00e1ria Barnovsk\u00e1<\/strong>, ZU\u0160 J. Melkovi\u010da, Star\u00e1 \u013dubov\u0148a<\/li>\n<li>miesto:\u00a0<strong>Barbora Langov\u00e1<\/strong>, ZU\u0160 J. Melkovi\u010da, Star\u00e1 \u013dubov\u0148a<\/li>\n<\/ol>\n<p><strong>Mgr. Bo\u017eena Sobolov\u00e1<\/strong>,\u00a0metodi\u010dka,\u00a0Krajsk\u00e1 kni\u017enica v \u017diline<\/p>\n","protected":false},"excerpt":{"rendered":"<p>Liter\u00e1rnu s\u00fa\u0165a\u017e vyhlasuje Krajsk\u00e1 kni\u017enica v\u00a0\u017diline v\u00a0spolupr\u00e1ci s Ob\u010dianskym zdru\u017een\u00edm Br\u00e1na poznania. S\u00fa\u0165a\u017e, ktor\u00e1 je organizovan\u00e1 aj v\u00a0spolupr\u00e1ci s mestom \u017dilina a\u00a0Branislavom Oravom, vnukom Janka Fr\u00e1trika, si kladie za cie\u013e objavova\u0165 nov\u00e9 b\u00e1snick\u00e9 talenty, da\u0165 im \u0161ancu vynikn\u00fa\u0165, podpori\u0165 liter\u00e1rnu tvorbu s\u00a0cie\u013eom rozv\u00edja\u0165 pozit\u00edvne myslenie mlad\u00fdch liter\u00e1rnych talentov, podpori\u0165\u00a0\u00factu k\u00a0mor\u00e1lnym hodnot\u00e1m a\u00a0pripomen\u00fa\u0165 si v\u00fdznamn\u00e9ho \u017eilinsk\u00e9ho &#8230; <a title=\"V\u00fdsledky s\u00fa\u0165a\u017ee Liter\u00e1rna cena Janka Fr\u00e1trika 2020 \u2013 5. ro\u010dn\u00edk\" class=\"read-more\" href=\"https:\/\/www.krajskakniznicazilina.sk\/index.php\/2021\/01\/11\/vysledky-sutaze-literarna-cena-janka-fratrika-2020-5-rocnik\/\" aria-label=\"Pre\u010d\u00edtajte si viac o V\u00fdsledky s\u00fa\u0165a\u017ee Liter\u00e1rna cena Janka Fr\u00e1trika 2020 \u2013 5. ro\u010dn\u00edk\">\u010c\u00edta\u0165 viac<\/a><\/p>\n","protected":false},"author":1,"featured_media":0,"comment_status":"open","ping_status":"open","sticky":false,"template":"","format":"standard","meta":{"footnotes":""},"categories":[50,16,19],"tags":[],"class_list":["post-6211","post","type-post","status-publish","format-standard","hentry","category-literarna-cena-janka-fratrika","category-sutaz","category-tlacova-sprava"],"_links":{"self":[{"href":"https:\/\/www.krajskakniznicazilina.sk\/index.php\/wp-json\/wp\/v2\/posts\/6211","targetHints":{"allow":["GET"]}}],"collection":[{"href":"https:\/\/www.krajskakniznicazilina.sk\/index.php\/wp-json\/wp\/v2\/posts"}],"about":[{"href":"https:\/\/www.krajskakniznicazilina.sk\/index.php\/wp-json\/wp\/v2\/types\/post"}],"author":[{"embeddable":true,"href":"https:\/\/www.krajskakniznicazilina.sk\/index.php\/wp-json\/wp\/v2\/users\/1"}],"replies":[{"embeddable":true,"href":"https:\/\/www.krajskakniznicazilina.sk\/index.php\/wp-json\/wp\/v2\/comments?post=6211"}],"version-history":[{"count":2,"href":"https:\/\/www.krajskakniznicazilina.sk\/index.php\/wp-json\/wp\/v2\/posts\/6211\/revisions"}],"predecessor-version":[{"id":6213,"href":"https:\/\/www.krajskakniznicazilina.sk\/index.php\/wp-json\/wp\/v2\/posts\/6211\/revisions\/6213"}],"wp:attachment":[{"href":"https:\/\/www.krajskakniznicazilina.sk\/index.php\/wp-json\/wp\/v2\/media?parent=6211"}],"wp:term":[{"taxonomy":"category","embeddable":true,"href":"https:\/\/www.krajskakniznicazilina.sk\/index.php\/wp-json\/wp\/v2\/categories?post=6211"},{"taxonomy":"post_tag","embeddable":true,"href":"https:\/\/www.krajskakniznicazilina.sk\/index.php\/wp-json\/wp\/v2\/tags?post=6211"}],"curies":[{"name":"wp","href":"https:\/\/api.w.org\/{rel}","templated":true}]}}