{"id":6233,"date":"2021-01-11T11:18:03","date_gmt":"2021-01-11T10:18:03","guid":{"rendered":"https:\/\/www.krajskakniznicazilina.sk\/?p=6233"},"modified":"2021-01-14T11:23:07","modified_gmt":"2021-01-14T10:23:07","slug":"ts-citajte-s-nami","status":"publish","type":"post","link":"https:\/\/www.krajskakniznicazilina.sk\/index.php\/2021\/01\/11\/ts-citajte-s-nami\/","title":{"rendered":"\u010c\u00edtajte s nami!"},"content":{"rendered":"<p style=\"text-align: justify;\"><strong><a href=\"https:\/\/www.krajskakniznicazilina.sk\/clanky\/2021\/01\/%C4%8D%C3%ADtajte%20s%20nami.jpg\"><img decoding=\"async\" class=\"alignright size-full\" src=\"https:\/\/www.krajskakniznicazilina.sk\/clanky\/2021\/01\/%C4%8D%C3%ADtajte%20s%20nami.jpg\" width=\"40%\" height=\"40%\" \/><\/a>\u010citate\u013esk\u00e1 v\u00fdzva 2021<\/strong><br \/>\nZapojte sa spolu s\u00a0Krajskou kni\u017enicou v\u00a0\u017diline do \u010ditate\u013eskej v\u00fdzvy, ktor\u00e1 bude prebieha\u0165 po\u010das cel\u00e9ho tohto roka.\u00a0 M\u00e1te aj vy pocit, \u017ee si potrebujete roz\u0161irova\u0165 vedomosti alebo zmeni\u0165 \u017e\u00e1ner, ktor\u00fd naj\u010dastej\u0161ie \u010d\u00edtate? Tento knihomo\u013esk\u00fd \u201eprobl\u00e9m\u201c sa vyskytuje aj u\u00a0n\u00e1s, knihovn\u00edkov. Preto sme si povedali, \u017ee vyst\u00fapime zo svojej komfortnej z\u00f3ny a\u00a0priprav\u00edme \u00a0\u010ditate\u013esk\u00fa v\u00fdzvu roka. Pripojte sa k\u00a0n\u00e1m!\u00a0 Ka\u017ed\u00fd mesiac predstav\u00edme jednu t\u00e9mu spolu s v\u00fdberom konkr\u00e9tnych titulov kn\u00edh. T\u00e9my mesiaca budeme odha\u013eova\u0165 postupne.<!--more--><\/p>\n<p style=\"text-align: justify;\">Situ\u00e1cia vo svete, a teda hlavne u n\u00e1s na Slovensku, n\u00e1s hne\u010f prv\u00fd mesiac prin\u00fatila \u201eimprovizova\u0165\u201c. Pointou v\u00fdzvy je po\u017ei\u010da\u0165 si knihu na vybran\u00fa t\u00e9mu z kni\u017enice. Ale ke\u010f\u017ee teraz to v podstate takmer nie je mo\u017en\u00e9, vymysleli sme in\u00fa mo\u017enos\u0165. Siahnite po nejakej knihe, ktor\u00fa m\u00e1te doma.<\/p>\n<p style=\"text-align: justify;\">Janu\u00e1r je takmer pre ka\u017ed\u00e9ho mesiac predsavzat\u00ed, ale mo\u017eno aj lenivosti. Tak \u010do keby ste siahli po knihe, ktor\u00e1 v\u00e1m doma le\u017e\u00ed na poli\u010dke u\u017e naozaj dlh\u00fd \u010das a vy nie a nie sa do nej pusti\u0165? Teraz pri\u0161la t\u00e1 spr\u00e1vna chv\u00ed\u013ea. Vyberte ju zo spodnej police va\u0161ej kni\u017enice a pustite sa do \u010d\u00edtania. Ak v\u0161ak nepatr\u00edte medzi \u013eud\u00ed, ktor\u00ed si d\u00e1vaj\u00fa predsavzatia alebo jednoducho moment\u00e1lne nem\u00e1te \u010das, siahnite po knihe z kateg\u00f3rie lenivos\u0165. Ako to mysl\u00edme? Jednoducho si vyberte knihu, ktor\u00e1 patr\u00ed medzi tie najten\u0161ie u v\u00e1s doma, aby ste sa \u201enakopli\u201c do \u010d\u00edtania hne\u010f na za\u010diatku roka. T\u00e9ma mesiaca janu\u00e1r znie: <strong>Predsavzatie verzus lenivos\u0165.<\/strong><\/p>\n<p style=\"text-align: justify;\"><strong>Ako sa zapoji\u0165?<\/strong><\/p>\n<p style=\"text-align: justify;\">Ka\u017ed\u00fd mesiac si vypo\u017ei\u010dajte z\u00a0na\u0161ej kni\u017enice jednu z kn\u00edh na nov\u00fa t\u00e9mu a pre\u010d\u00edtajte ju. Pode\u013ete sa s nami o va\u0161e \u00a0dojmy a predov\u0161etk\u00fdm fotografie kn\u00edh, ktor\u00e9 ste si vybrali. M\u00f4\u017eete prida\u0165 aj tipy na \u010fal\u0161ie t\u00e9my, \u010di knihy. V\u0161etko s nami zdie\u013eajte na na\u0161ich soci\u00e1lnych sie\u0165ach (Facebook a Instagram) s pou\u017eit\u00edm ozna\u010den\u00ed: #citajteSnami #kniznicaZilina #citamsKKZA<\/p>\n<p style=\"text-align: justify;\">D\u00e1me v\u00e1m mo\u017enos\u0165 pou\u017ei\u0165 po\u010das roka jedn\u00e9ho \u017eol\u00edka (m\u00f4\u017eete tak presko\u010di\u0165 jednu t\u00e9mu, ktor\u00e1 v\u00e1m naozaj nebude vyhovova\u0165, ale&#8230; sk\u00faste sa prekona\u0165).<\/p>\n<p style=\"text-align: justify;\"><strong>\u010co je va\u0161ou motiv\u00e1ciou?<\/strong><\/p>\n<p style=\"text-align: justify;\">Mo\u017eno natraf\u00edte na zauj\u00edmav\u00e9 knihy, po ktor\u00fdch by ste inak v\u00f4bec nesiahli. A \u010do viac, ak s nami budete akt\u00edvne zdie\u013ea\u0165 va\u0161e dojmy, n\u00e1pady a\u00a0pr\u00edpadne aj fotografie ako \u010d\u00edtate knihy z n\u00e1\u0161ho v\u00fdberu, m\u00f4\u017eete na konci roka z\u00edska\u0165 prekvapenie: v\u0161etci t\u00ed, ktor\u00ed poctivo pre\u010d\u00edtaj\u00fa aspo\u0148 jednu knihu zo v\u0161etk\u00fdch 12 t\u00e9m a bud\u00fa zdie\u013ea\u0165 s nami fotografie, bud\u00fa na konci roka zaraden\u00ed do \u017erebovania o\u00a0zauj\u00edmav\u00e9 vecn\u00e9 ceny.<\/p>\n<p style=\"text-align: justify;\">Kolekt\u00edv Krajskej kni\u017enice v \u017diline<\/p>\n","protected":false},"excerpt":{"rendered":"<p>\u010citate\u013esk\u00e1 v\u00fdzva 2021 Zapojte sa spolu s\u00a0Krajskou kni\u017enicou v\u00a0\u017diline do \u010ditate\u013eskej v\u00fdzvy, ktor\u00e1 bude prebieha\u0165 po\u010das cel\u00e9ho tohto roka.\u00a0 M\u00e1te aj vy pocit, \u017ee si potrebujete roz\u0161irova\u0165 vedomosti alebo zmeni\u0165 \u017e\u00e1ner, ktor\u00fd naj\u010dastej\u0161ie \u010d\u00edtate? Tento knihomo\u013esk\u00fd \u201eprobl\u00e9m\u201c sa vyskytuje aj u\u00a0n\u00e1s, knihovn\u00edkov. Preto sme si povedali, \u017ee vyst\u00fapime zo svojej komfortnej z\u00f3ny a\u00a0priprav\u00edme \u00a0\u010ditate\u013esk\u00fa v\u00fdzvu &#8230; <a title=\"\u010c\u00edtajte s nami!\" class=\"read-more\" href=\"https:\/\/www.krajskakniznicazilina.sk\/index.php\/2021\/01\/11\/ts-citajte-s-nami\/\" aria-label=\"Pre\u010d\u00edtajte si viac o \u010c\u00edtajte s nami!\">\u010c\u00edta\u0165 viac<\/a><\/p>\n","protected":false},"author":1,"featured_media":0,"comment_status":"open","ping_status":"open","sticky":false,"template":"","format":"image","meta":{"footnotes":""},"categories":[16,19],"tags":[],"class_list":["post-6233","post","type-post","status-publish","format-image","hentry","category-sutaz","category-tlacova-sprava","post_format-post-format-image"],"_links":{"self":[{"href":"https:\/\/www.krajskakniznicazilina.sk\/index.php\/wp-json\/wp\/v2\/posts\/6233","targetHints":{"allow":["GET"]}}],"collection":[{"href":"https:\/\/www.krajskakniznicazilina.sk\/index.php\/wp-json\/wp\/v2\/posts"}],"about":[{"href":"https:\/\/www.krajskakniznicazilina.sk\/index.php\/wp-json\/wp\/v2\/types\/post"}],"author":[{"embeddable":true,"href":"https:\/\/www.krajskakniznicazilina.sk\/index.php\/wp-json\/wp\/v2\/users\/1"}],"replies":[{"embeddable":true,"href":"https:\/\/www.krajskakniznicazilina.sk\/index.php\/wp-json\/wp\/v2\/comments?post=6233"}],"version-history":[{"count":6,"href":"https:\/\/www.krajskakniznicazilina.sk\/index.php\/wp-json\/wp\/v2\/posts\/6233\/revisions"}],"predecessor-version":[{"id":6239,"href":"https:\/\/www.krajskakniznicazilina.sk\/index.php\/wp-json\/wp\/v2\/posts\/6233\/revisions\/6239"}],"wp:attachment":[{"href":"https:\/\/www.krajskakniznicazilina.sk\/index.php\/wp-json\/wp\/v2\/media?parent=6233"}],"wp:term":[{"taxonomy":"category","embeddable":true,"href":"https:\/\/www.krajskakniznicazilina.sk\/index.php\/wp-json\/wp\/v2\/categories?post=6233"},{"taxonomy":"post_tag","embeddable":true,"href":"https:\/\/www.krajskakniznicazilina.sk\/index.php\/wp-json\/wp\/v2\/tags?post=6233"}],"curies":[{"name":"wp","href":"https:\/\/api.w.org\/{rel}","templated":true}]}}