{"id":6333,"date":"2021-02-04T09:35:21","date_gmt":"2021-02-04T08:35:21","guid":{"rendered":"https:\/\/www.krajskakniznicazilina.sk\/?p=6333"},"modified":"2021-02-04T11:29:59","modified_gmt":"2021-02-04T10:29:59","slug":"hp-booknight-2021","status":"publish","type":"post","link":"https:\/\/www.krajskakniznicazilina.sk\/index.php\/2021\/02\/04\/hp-booknight-2021\/","title":{"rendered":"Kni\u017en\u00e1 noc s Harrym Potterom &#8211; \u0160ikm\u00e1 uli\u010dka"},"content":{"rendered":"<p><iframe loading=\"lazy\" src=\"https:\/\/www.youtube.com\/embed\/R9AeeOsc6zQ\" width=\"560\" height=\"315\" frameborder=\"0\" allowfullscreen=\"allowfullscreen\"><\/iframe><\/p>\n<p style=\"text-align: justify;\">Svoj vyroben\u00fd pr\u00fatik alebo krabi\u010dku na\u0148 si m\u00f4\u017eete <strong>ozna\u010di\u0165 \u0161t\u00edtkom<\/strong> so svojim menom &#8211; <a href=\"https:\/\/bit.ly\/hpbn21PL\">https:\/\/bit.ly\/hpbn21PL<\/a><\/p>\n<p style=\"text-align: justify;\"><strong>\u0160ikm\u00e1 uli\u010dka<\/strong>, je t\u00e9mou tohto ro\u010dn\u00edka kni\u017enej noci s Harrym Potterom, tak si stiahni obr\u00e1zok a <strong>vyfarbi<\/strong> si ju pod\u013ea vlastn\u00fdch predst\u00e1v &#8211; <a href=\"https:\/\/bit.ly\/hpb21\u0160U\">https:\/\/bit.ly\/hpb21\u0160U<\/a><\/p>\n<p style=\"text-align: justify;\">Pripravili sme aj <strong>osemsmerovku<\/strong>, kde treba h\u013eada\u0165 tovar zo \u0160ikmej uli\u010dky &#8211; <a href=\"https:\/\/bit.ly\/hpbn21OS\">https:\/\/bit.ly\/hpbn21OS<\/a><\/p>\n<p style=\"text-align: justify;\">Kr\u00e1tky Harry Potter kv\u00edz &#8211; <a href=\"https:\/\/forms.gle\/5j2PfzCe6ALmdbAg9\">https:\/\/forms.gle\/5j2PfzCe6ALmdbAg9<\/a><\/p>\n","protected":false},"excerpt":{"rendered":"<p>Svoj vyroben\u00fd pr\u00fatik alebo krabi\u010dku na\u0148 si m\u00f4\u017eete ozna\u010di\u0165 \u0161t\u00edtkom so svojim menom &#8211; https:\/\/bit.ly\/hpbn21PL \u0160ikm\u00e1 uli\u010dka, je t\u00e9mou tohto ro\u010dn\u00edka kni\u017enej noci s Harrym Potterom, tak si stiahni obr\u00e1zok a vyfarbi si ju pod\u013ea vlastn\u00fdch predst\u00e1v &#8211; https:\/\/bit.ly\/hpb21\u0160U Pripravili sme aj osemsmerovku, kde treba h\u013eada\u0165 tovar zo \u0160ikmej uli\u010dky &#8211; https:\/\/bit.ly\/hpbn21OS Kr\u00e1tky Harry Potter &#8230; <a title=\"Kni\u017en\u00e1 noc s Harrym Potterom &#8211; \u0160ikm\u00e1 uli\u010dka\" class=\"read-more\" href=\"https:\/\/www.krajskakniznicazilina.sk\/index.php\/2021\/02\/04\/hp-booknight-2021\/\" aria-label=\"Pre\u010d\u00edtajte si viac o Kni\u017en\u00e1 noc s Harrym Potterom &#8211; \u0160ikm\u00e1 uli\u010dka\">\u010c\u00edta\u0165 viac<\/a><\/p>\n","protected":false},"author":1,"featured_media":0,"comment_status":"open","ping_status":"open","sticky":false,"template":"","format":"video","meta":{"footnotes":""},"categories":[12,44],"tags":[],"class_list":["post-6333","post","type-post","status-publish","format-video","hentry","category-podujatie","category-video","post_format-post-format-video"],"_links":{"self":[{"href":"https:\/\/www.krajskakniznicazilina.sk\/index.php\/wp-json\/wp\/v2\/posts\/6333","targetHints":{"allow":["GET"]}}],"collection":[{"href":"https:\/\/www.krajskakniznicazilina.sk\/index.php\/wp-json\/wp\/v2\/posts"}],"about":[{"href":"https:\/\/www.krajskakniznicazilina.sk\/index.php\/wp-json\/wp\/v2\/types\/post"}],"author":[{"embeddable":true,"href":"https:\/\/www.krajskakniznicazilina.sk\/index.php\/wp-json\/wp\/v2\/users\/1"}],"replies":[{"embeddable":true,"href":"https:\/\/www.krajskakniznicazilina.sk\/index.php\/wp-json\/wp\/v2\/comments?post=6333"}],"version-history":[{"count":3,"href":"https:\/\/www.krajskakniznicazilina.sk\/index.php\/wp-json\/wp\/v2\/posts\/6333\/revisions"}],"predecessor-version":[{"id":6336,"href":"https:\/\/www.krajskakniznicazilina.sk\/index.php\/wp-json\/wp\/v2\/posts\/6333\/revisions\/6336"}],"wp:attachment":[{"href":"https:\/\/www.krajskakniznicazilina.sk\/index.php\/wp-json\/wp\/v2\/media?parent=6333"}],"wp:term":[{"taxonomy":"category","embeddable":true,"href":"https:\/\/www.krajskakniznicazilina.sk\/index.php\/wp-json\/wp\/v2\/categories?post=6333"},{"taxonomy":"post_tag","embeddable":true,"href":"https:\/\/www.krajskakniznicazilina.sk\/index.php\/wp-json\/wp\/v2\/tags?post=6333"}],"curies":[{"name":"wp","href":"https:\/\/api.w.org\/{rel}","templated":true}]}}