{"id":6338,"date":"2021-02-04T12:58:05","date_gmt":"2021-02-04T11:58:05","guid":{"rendered":"https:\/\/www.krajskakniznicazilina.sk\/?p=6338"},"modified":"2021-02-08T11:10:49","modified_gmt":"2021-02-08T10:10:49","slug":"8-2-zatvor","status":"publish","type":"post","link":"https:\/\/www.krajskakniznicazilina.sk\/index.php\/2021\/02\/04\/8-2-zatvor\/","title":{"rendered":"Kni\u017enica bude od 8.2. zatvoren\u00e1"},"content":{"rendered":"<p style=\"text-align: justify;\"><a href=\"https:\/\/www.krajskakniznicazilina.sk\/clanky\/2021\/02\/oznam%20zatvorenie%20feb.jpg\"><img decoding=\"async\" class=\"size-full alignright\" src=\"https:\/\/www.krajskakniznicazilina.sk\/clanky\/2021\/02\/oznam%20zatvorenie%20feb.jpg\" width=\"50%\" height=\"50%\" \/><\/a>Od pondelka 8.2.2021 s\u00fa kni\u017enice na Slovensku, vr\u00e1tane Krajskej kni\u017enice v \u017diline znovu zatvoren\u00e9 z d\u00f4vodu aktu\u00e1lneho uznesenia vl\u00e1dy SR. Z\u00e1rove\u0148 zost\u00e1vaj\u00fa zatvoren\u00e9 aj v\u0161etky pobo\u010dky kni\u017enice.<br \/>\nV\u0161etky be\u017en\u00e9 v\u00fdpo\u017ei\u010dky s\u00fa pred\u013a\u017een\u00e9 do 2.3.2021 a zastaven\u00e9 je aj vytv\u00e1ranie upomienok. Knihy m\u00f4\u017eete vr\u00e1ti\u0165 prostredn\u00edctvom Biblioboxu.<\/p>\n<p style=\"text-align: justify;\">Aj po\u010das zatvorenia m\u00f4\u017eete po\u017eiada\u0165 o vypracovanie re\u0161er\u0161e mailom na adresu <a href=\"mailto:kniznica@krajskakniznicazilina.sk\">kniznica@krajskakniznicazilina.sk<\/a>. V pr\u00edpade zmien V\u00e1s budeme v\u010das informova\u0165.<\/p>\n<p>Z\u00a0pohodlia domova si m\u00f4\u017eete po\u017ei\u010da\u0165 e-knihy prostredn\u00edctvom n\u00e1\u0161ho katal\u00f3gu v\u00a0spolupr\u00e1ci s\u00a0Plamknihy.cz &#8211; <a href=\"http:\/\/bit.ly\/KKZAeknihy\">http:\/\/bit.ly\/KKZAeknihy<\/a><\/p>\n","protected":false},"excerpt":{"rendered":"<p>Od pondelka 8.2.2021 s\u00fa kni\u017enice na Slovensku, vr\u00e1tane Krajskej kni\u017enice v \u017diline znovu zatvoren\u00e9 z d\u00f4vodu aktu\u00e1lneho uznesenia vl\u00e1dy SR. Z\u00e1rove\u0148 zost\u00e1vaj\u00fa zatvoren\u00e9 aj v\u0161etky pobo\u010dky kni\u017enice. V\u0161etky be\u017en\u00e9 v\u00fdpo\u017ei\u010dky s\u00fa pred\u013a\u017een\u00e9 do 2.3.2021 a zastaven\u00e9 je aj vytv\u00e1ranie upomienok. Knihy m\u00f4\u017eete vr\u00e1ti\u0165 prostredn\u00edctvom Biblioboxu. Aj po\u010das zatvorenia m\u00f4\u017eete po\u017eiada\u0165 o vypracovanie re\u0161er\u0161e mailom na &#8230; <a title=\"Kni\u017enica bude od 8.2. zatvoren\u00e1\" class=\"read-more\" href=\"https:\/\/www.krajskakniznicazilina.sk\/index.php\/2021\/02\/04\/8-2-zatvor\/\" aria-label=\"Pre\u010d\u00edtajte si viac o Kni\u017enica bude od 8.2. zatvoren\u00e1\">\u010c\u00edta\u0165 viac<\/a><\/p>\n","protected":false},"author":1,"featured_media":0,"comment_status":"open","ping_status":"open","sticky":false,"template":"","format":"image","meta":{"footnotes":""},"categories":[1],"tags":[],"class_list":["post-6338","post","type-post","status-publish","format-image","hentry","category-oznam","post_format-post-format-image"],"_links":{"self":[{"href":"https:\/\/www.krajskakniznicazilina.sk\/index.php\/wp-json\/wp\/v2\/posts\/6338","targetHints":{"allow":["GET"]}}],"collection":[{"href":"https:\/\/www.krajskakniznicazilina.sk\/index.php\/wp-json\/wp\/v2\/posts"}],"about":[{"href":"https:\/\/www.krajskakniznicazilina.sk\/index.php\/wp-json\/wp\/v2\/types\/post"}],"author":[{"embeddable":true,"href":"https:\/\/www.krajskakniznicazilina.sk\/index.php\/wp-json\/wp\/v2\/users\/1"}],"replies":[{"embeddable":true,"href":"https:\/\/www.krajskakniznicazilina.sk\/index.php\/wp-json\/wp\/v2\/comments?post=6338"}],"version-history":[{"count":3,"href":"https:\/\/www.krajskakniznicazilina.sk\/index.php\/wp-json\/wp\/v2\/posts\/6338\/revisions"}],"predecessor-version":[{"id":6350,"href":"https:\/\/www.krajskakniznicazilina.sk\/index.php\/wp-json\/wp\/v2\/posts\/6338\/revisions\/6350"}],"wp:attachment":[{"href":"https:\/\/www.krajskakniznicazilina.sk\/index.php\/wp-json\/wp\/v2\/media?parent=6338"}],"wp:term":[{"taxonomy":"category","embeddable":true,"href":"https:\/\/www.krajskakniznicazilina.sk\/index.php\/wp-json\/wp\/v2\/categories?post=6338"},{"taxonomy":"post_tag","embeddable":true,"href":"https:\/\/www.krajskakniznicazilina.sk\/index.php\/wp-json\/wp\/v2\/tags?post=6338"}],"curies":[{"name":"wp","href":"https:\/\/api.w.org\/{rel}","templated":true}]}}