{"id":6342,"date":"2021-02-01T09:11:15","date_gmt":"2021-02-01T08:11:15","guid":{"rendered":"https:\/\/www.krajskakniznicazilina.sk\/?p=6342"},"modified":"2021-02-05T09:14:16","modified_gmt":"2021-02-05T08:14:16","slug":"vystava-henrich-bartek","status":"publish","type":"post","link":"https:\/\/www.krajskakniznicazilina.sk\/index.php\/2021\/02\/01\/vystava-henrich-bartek\/","title":{"rendered":"V\u00fdstava &#8211; Henrich Bartek"},"content":{"rendered":"<p style=\"text-align: justify;\"><a href=\"https:\/\/www.krajskakniznicazilina.sk\/clanky\/2021\/02\/bartek.jpg\"><img decoding=\"async\" class=\"alignright size-full\" src=\"https:\/\/www.krajskakniznicazilina.sk\/clanky\/2021\/02\/bartek.jpg\" width=\"40%\" height=\"40%\" \/><\/a>V\u00fdstava pri pr\u00edle\u017eitosti 35. v\u00fdro\u010dia \u00famrtia\u00a0 v\u00fdznamnej osobnosti mesta \u017dilina. Predstav\u00edme v\u00e1m \u017eivot a tvorbu autora. Henrich Bartek bol jazykovedec, pedag\u00f3g, kult\u00farny pracovn\u00edk a v\u00fdznamn\u00fd b\u00e1date\u013e v oblasti slovenskej jazykovedy.<\/p>\n","protected":false},"excerpt":{"rendered":"<p>V\u00fdstava pri pr\u00edle\u017eitosti 35. v\u00fdro\u010dia \u00famrtia\u00a0 v\u00fdznamnej osobnosti mesta \u017dilina. Predstav\u00edme v\u00e1m \u017eivot a tvorbu autora. Henrich Bartek bol jazykovedec, pedag\u00f3g, kult\u00farny pracovn\u00edk a v\u00fdznamn\u00fd b\u00e1date\u013e v oblasti slovenskej jazykovedy.<\/p>\n","protected":false},"author":1,"featured_media":0,"comment_status":"open","ping_status":"open","sticky":false,"template":"","format":"image","meta":{"footnotes":""},"categories":[15],"tags":[],"class_list":["post-6342","post","type-post","status-publish","format-image","hentry","category-vystava","post_format-post-format-image"],"_links":{"self":[{"href":"https:\/\/www.krajskakniznicazilina.sk\/index.php\/wp-json\/wp\/v2\/posts\/6342","targetHints":{"allow":["GET"]}}],"collection":[{"href":"https:\/\/www.krajskakniznicazilina.sk\/index.php\/wp-json\/wp\/v2\/posts"}],"about":[{"href":"https:\/\/www.krajskakniznicazilina.sk\/index.php\/wp-json\/wp\/v2\/types\/post"}],"author":[{"embeddable":true,"href":"https:\/\/www.krajskakniznicazilina.sk\/index.php\/wp-json\/wp\/v2\/users\/1"}],"replies":[{"embeddable":true,"href":"https:\/\/www.krajskakniznicazilina.sk\/index.php\/wp-json\/wp\/v2\/comments?post=6342"}],"version-history":[{"count":3,"href":"https:\/\/www.krajskakniznicazilina.sk\/index.php\/wp-json\/wp\/v2\/posts\/6342\/revisions"}],"predecessor-version":[{"id":6345,"href":"https:\/\/www.krajskakniznicazilina.sk\/index.php\/wp-json\/wp\/v2\/posts\/6342\/revisions\/6345"}],"wp:attachment":[{"href":"https:\/\/www.krajskakniznicazilina.sk\/index.php\/wp-json\/wp\/v2\/media?parent=6342"}],"wp:term":[{"taxonomy":"category","embeddable":true,"href":"https:\/\/www.krajskakniznicazilina.sk\/index.php\/wp-json\/wp\/v2\/categories?post=6342"},{"taxonomy":"post_tag","embeddable":true,"href":"https:\/\/www.krajskakniznicazilina.sk\/index.php\/wp-json\/wp\/v2\/tags?post=6342"}],"curies":[{"name":"wp","href":"https:\/\/api.w.org\/{rel}","templated":true}]}}