{"id":6351,"date":"2021-02-08T11:24:17","date_gmt":"2021-02-08T10:24:17","guid":{"rendered":"https:\/\/www.krajskakniznicazilina.sk\/?p=6351"},"modified":"2021-04-13T13:47:33","modified_gmt":"2021-04-13T11:47:33","slug":"otvorenie-9-2-2021","status":"publish","type":"post","link":"https:\/\/www.krajskakniznicazilina.sk\/index.php\/2021\/02\/08\/otvorenie-9-2-2021\/","title":{"rendered":"Otvor\u00edme kni\u017enicu od 9.2.2021"},"content":{"rendered":"<p style=\"text-align: justify;\"><a href=\"https:\/\/www.krajskakniznicazilina.sk\/clanky\/2021\/02\/vstup%20covid%20feb.jpg\"><img decoding=\"async\" class=\"size-full alignright\" src=\"https:\/\/www.krajskakniznicazilina.sk\/clanky\/2021\/02\/vstup%20covid%20feb.jpg\" width=\"40%\" height=\"40%\" \/><\/a>Do kni\u017enice budete m\u00f4c\u0165 vst\u00fapi\u0165 len na z\u00e1klade v\u00fdnimiek zo z\u00e1kazu vych\u00e1dzania, ktor\u00e9 sa na t\u00fato situ\u00e1ciu vz\u0165ahuj\u00fa (<strong><a href=\"https:\/\/www.slov-lex.sk\/pravne-predpisy\/SK\/ZZ\/2021\/49\/20210206\">Uznesenie vl\u00e1dy SR \u010d.77\/2021<\/a><\/strong>). Spr\u00edstupnen\u00e9 bud\u00fa kni\u017eni\u010dn\u00e9 slu\u017eby &#8211; v\u00fdpo\u017ei\u010dn\u00e9 slu\u017eby (beletria, odborn\u00e1 i detsk\u00e1 literat\u00fara) a re\u0161er\u0161n\u00e9 slu\u017eby.<\/p>\n<p style=\"text-align: justify;\">Do zlep\u0161enia epidemiologickej situ\u00e1cie bud\u00fa do\u010dasne <strong>nepr\u00edstupn\u00e9<\/strong> (zatvoren\u00e9)<strong> priestory detsk\u00e9ho k\u00fatika, verejn\u00e9ho internetu a \u010dit\u00e1rne<\/strong>.<\/p>\n<h3 style=\"text-align: justify;\"><strong>Vstup do kni\u017enice je mo\u017en\u00fd len:<\/strong><\/h3>\n<ul style=\"text-align: justify;\">\n<li>\n<h3><strong>s platn\u00fdm potvrden\u00edm na negat\u00edvny test na COVID19<\/strong> (potvrdenie nesmie by\u0165 star\u0161ie ako 7 dn\u00ed),<\/h3>\n<\/li>\n<li>\n<h3><strong>s potvrden\u00edm o absolvovan\u00ed o\u010dkovania proti\u00a0 ochoreniu COVID-19<\/strong> aj druhou d\u00e1vkou vakc\u00edny pred min. 14 d\u0148ami,<\/h3>\n<\/li>\n<li>\n<h3><strong>s potvrden\u00edm o prekonan\u00ed ochorenia v obdob\u00ed posledn\u00e9ho \u0161tvr\u0165roka<\/strong>.<\/h3>\n<\/li>\n<\/ul>\n<h3 style=\"text-align: justify;\"><strong>V\u0161etky podmienky vstupu<\/strong> do kni\u017enice<strong> platia aj pre \u013eud\u00ed nad 65 rokov<\/strong>. Musia ma\u0165 pri sebe negat\u00edvny v\u00fdsledok testu, potvrdenie o o\u010dkovan\u00ed alebo prekonan\u00ed ochorenia (vi\u010f podmienky vy\u0161\u0161ie).<\/h3>\n<h3 style=\"text-align: justify;\"><strong>Deti do 10 rokov<\/strong> m\u00f4\u017eu vst\u00fapi\u0165 do kni\u017enice len s platn\u00fdm potvrden\u00edm na negat\u00edvny test na COVID19 alebo v sprievode dospel\u00e9ho <strong>s platn\u00fdm potvrden\u00edm na negat\u00edvny test na COVID19.<\/strong><\/h3>\n<h3 style=\"text-align: justify;\"><strong>V\u00fdnimky:<\/strong><\/h3>\n<ul style=\"text-align: justify;\">\n<li style=\"text-align: justify;\">onkologick\u00ed pacienti,<\/li>\n<li style=\"text-align: justify;\">osoby so stredne \u0165a\u017ek\u00fdm alebo \u0165a\u017ek\u00fdm ment\u00e1lnym postihnut\u00edm,<\/li>\n<li style=\"text-align: justify;\">autistick\u00e9 osoby.<\/li>\n<\/ul>\n<p style=\"text-align: justify;\">Knihy m\u00f4\u017eete vr\u00e1ti\u0165 prostredn\u00edctvom Biblioboxu. Vr\u00e1ten\u00e9 knihy umiest\u0148ujeme do do\u010dasnej karant\u00e9ny a a\u017e n\u00e1sledne je mo\u017en\u00e9 znovu si ich vypo\u017ei\u010da\u0165.<\/p>\n","protected":false},"excerpt":{"rendered":"<p>Do kni\u017enice budete m\u00f4c\u0165 vst\u00fapi\u0165 len na z\u00e1klade v\u00fdnimiek zo z\u00e1kazu vych\u00e1dzania, ktor\u00e9 sa na t\u00fato situ\u00e1ciu vz\u0165ahuj\u00fa (Uznesenie vl\u00e1dy SR \u010d.77\/2021). Spr\u00edstupnen\u00e9 bud\u00fa kni\u017eni\u010dn\u00e9 slu\u017eby &#8211; v\u00fdpo\u017ei\u010dn\u00e9 slu\u017eby (beletria, odborn\u00e1 i detsk\u00e1 literat\u00fara) a re\u0161er\u0161n\u00e9 slu\u017eby. Do zlep\u0161enia epidemiologickej situ\u00e1cie bud\u00fa do\u010dasne nepr\u00edstupn\u00e9 (zatvoren\u00e9) priestory detsk\u00e9ho k\u00fatika, verejn\u00e9ho internetu a \u010dit\u00e1rne. Vstup do kni\u017enice &#8230; <a title=\"Otvor\u00edme kni\u017enicu od 9.2.2021\" class=\"read-more\" href=\"https:\/\/www.krajskakniznicazilina.sk\/index.php\/2021\/02\/08\/otvorenie-9-2-2021\/\" aria-label=\"Pre\u010d\u00edtajte si viac o Otvor\u00edme kni\u017enicu od 9.2.2021\">\u010c\u00edta\u0165 viac<\/a><\/p>\n","protected":false},"author":1,"featured_media":0,"comment_status":"open","ping_status":"open","sticky":false,"template":"","format":"image","meta":{"footnotes":""},"categories":[1],"tags":[],"class_list":["post-6351","post","type-post","status-publish","format-image","hentry","category-oznam","post_format-post-format-image"],"_links":{"self":[{"href":"https:\/\/www.krajskakniznicazilina.sk\/index.php\/wp-json\/wp\/v2\/posts\/6351","targetHints":{"allow":["GET"]}}],"collection":[{"href":"https:\/\/www.krajskakniznicazilina.sk\/index.php\/wp-json\/wp\/v2\/posts"}],"about":[{"href":"https:\/\/www.krajskakniznicazilina.sk\/index.php\/wp-json\/wp\/v2\/types\/post"}],"author":[{"embeddable":true,"href":"https:\/\/www.krajskakniznicazilina.sk\/index.php\/wp-json\/wp\/v2\/users\/1"}],"replies":[{"embeddable":true,"href":"https:\/\/www.krajskakniznicazilina.sk\/index.php\/wp-json\/wp\/v2\/comments?post=6351"}],"version-history":[{"count":8,"href":"https:\/\/www.krajskakniznicazilina.sk\/index.php\/wp-json\/wp\/v2\/posts\/6351\/revisions"}],"predecessor-version":[{"id":6615,"href":"https:\/\/www.krajskakniznicazilina.sk\/index.php\/wp-json\/wp\/v2\/posts\/6351\/revisions\/6615"}],"wp:attachment":[{"href":"https:\/\/www.krajskakniznicazilina.sk\/index.php\/wp-json\/wp\/v2\/media?parent=6351"}],"wp:term":[{"taxonomy":"category","embeddable":true,"href":"https:\/\/www.krajskakniznicazilina.sk\/index.php\/wp-json\/wp\/v2\/categories?post=6351"},{"taxonomy":"post_tag","embeddable":true,"href":"https:\/\/www.krajskakniznicazilina.sk\/index.php\/wp-json\/wp\/v2\/tags?post=6351"}],"curies":[{"name":"wp","href":"https:\/\/api.w.org\/{rel}","templated":true}]}}