{"id":6486,"date":"2021-03-08T10:23:31","date_gmt":"2021-03-08T09:23:31","guid":{"rendered":"https:\/\/www.krajskakniznicazilina.sk\/?p=6486"},"modified":"2021-03-11T10:25:24","modified_gmt":"2021-03-11T09:25:24","slug":"tyzden-slovenskych-kniznic-v-krajskej-kniznici-v-ziline","status":"publish","type":"post","link":"https:\/\/www.krajskakniznicazilina.sk\/index.php\/2021\/03\/08\/tyzden-slovenskych-kniznic-v-krajskej-kniznici-v-ziline\/","title":{"rendered":"T\u00fd\u017ede\u0148 slovensk\u00fdch kni\u017en\u00edc v Krajskej kni\u017enici v\u00a0\u017diline"},"content":{"rendered":"<p style=\"text-align: justify;\"><a href=\"https:\/\/www.krajskakniznicazilina.sk\/clanky\/2021\/03\/tsk.jpg\"><img decoding=\"async\" class=\"alignright size-full\" src=\"https:\/\/www.krajskakniznicazilina.sk\/clanky\/2021\/03\/tsk.jpg\" width=\"40%\" height=\"40%\" \/><\/a>T\u00fd\u017ede\u0148 slovensk\u00fdch kni\u017en\u00edc si pripom\u00edname ka\u017edoro\u010dne, rok 2021 nie je v\u00fdnimkou. Z d\u00f4vodu protipandemick\u00fdch opatren\u00ed sa v\u0161ak na\u0161e pl\u00e1novan\u00e9 aktivity zrealizovali len online, na \u00a0soci\u00e1lnych sie\u0165ach.<\/p>\n<p style=\"text-align: justify;\">Za\u010diatok t\u00fd\u017ed\u0148a sa niesol nielen na\u0161imi, ale aj va\u0161imi \u00a0ob\u013e\u00faben\u00fdmi spomienkami na kni\u017enicu a knihovn\u00edka. Nahrat\u00e9 pr\u00edspevky boli postupne po\u010das t\u00fd\u017ed\u0148a zverej\u0148ovan\u00e9. Aj \u010ditatelia sa mohli zapoji\u0165 zaslan\u00edm svojho pr\u00edspevku alebo videa na facebook kni\u017enice, vy\u017erebovan\u00fd v\u00fdherca bol odmenen\u00fd na\u0161ou ta\u0161kou Idem do\/z kni\u017enice.<!--more--><\/p>\n<p style=\"text-align: justify;\">V\u0161evedko, Nevedko a\u00a0Ja bol n\u00e1zov z\u00e1bavn\u00e9ho kv\u00edzu, ktor\u00fd deti mohli spolu so svojimi rodi\u010dmi vyplni\u0165 nielen po\u010das uplynul\u00e9ho t\u00fd\u017ed\u0148a. N\u00e1jdu ho na detskom facebooku aj po\u010das cel\u00e9ho mesiaca marec, ktor\u00fd je Mesiacom knihy. \u00a0Spomedzi rie\u0161ite\u013eov kv\u00edzu nesk\u00f4r vy\u017erebujeme 6 v\u00fdhercov, ktor\u00ed z\u00edskaj\u00fa jednu zo zauj\u00edmav\u00fdch kn\u00edh.<\/p>\n<p style=\"text-align: justify;\">Stred T\u00fd\u017ed\u0148a slovensk\u00fdch kni\u017en\u00edc sme spr\u00edjemnili z\u00e1ujemcom tvoriv\u00fdch dieln\u00ed pod n\u00e1zvom Tvorenie s\u00a0kni\u017enicou na\u017eivo. Spolu s nami si vyrobili papierov\u00e9 girlandy. Tvoriv\u00e9 dielne uv\u00edtali \u00fa\u010dastn\u00edci r\u00f4znych vekov\u00fdch kateg\u00f3ri\u00ed.<\/p>\n<p style=\"text-align: justify;\">Je n\u00e1s po\u010du\u0165&#8230;, tak\u00fd bol n\u00e1zov spolo\u010dnej aktivity kni\u017en\u00edc v \u017dilinskom kraji. Jej hlavn\u00fdm organiz\u00e1torom bola Oravsk\u00e1 kni\u017enica Antona Habov\u0161tiaka v Dolnom Kub\u00edne. Kni\u017enice, ktor\u00e9 boli do projektu zapojen\u00e9, spolo\u010dne na\u017eivo \u010d\u00edtali v piatok 5. marca o\u00a015:00. Niektor\u00e9 kni\u017enice sa zamerali na s\u00fa\u010dasn\u00fdch slovensk\u00fdch, ale aj svetov\u00fdch autorov, in\u00e9 na v\u00fdber z\u00a0klasiky. V\u00a0na\u0161ej kni\u017enici knihovn\u00edci Goran Len\u010do a\u00a0Milo\u0161 Zvr\u0161kovec \u010d\u00edtali zo svojej vlastnej tvorby.<\/p>\n<p style=\"text-align: justify;\">Praktick\u00e9 z\u00e1lo\u017eky s\u00a0mo\u017enos\u0165ou z\u013eavy na n\u00e1kup kn\u00edh a z\u00e1pisn\u00e9 pre deti do 15 rokov zadarmo boli prekvapen\u00edm, ktor\u00e9mu sa pote\u0161ili nielen detsk\u00ed n\u00e1v\u0161tevn\u00edci kni\u017enice.<\/p>\n<p style=\"text-align: justify;\">Ver\u00edme, \u017ee\u00a0 bud\u00faci rok bude priaznivej\u0161\u00ed a\u00a0pripraven\u00e9 podujatia u\u017e budeme m\u00f4c\u0165 realizova\u0165 za fyzickej \u00fa\u010dasti verejnosti.<\/p>\n<p style=\"text-align: justify;\"><strong>Mgr. Jana Neslu\u0161anov\u00e1<\/strong>, koordin\u00e1torka\u00a0 kult\u00farno-v\u00fdchovnej \u010dinnosti<\/p>\n","protected":false},"excerpt":{"rendered":"<p>T\u00fd\u017ede\u0148 slovensk\u00fdch kni\u017en\u00edc si pripom\u00edname ka\u017edoro\u010dne, rok 2021 nie je v\u00fdnimkou. Z d\u00f4vodu protipandemick\u00fdch opatren\u00ed sa v\u0161ak na\u0161e pl\u00e1novan\u00e9 aktivity zrealizovali len online, na \u00a0soci\u00e1lnych sie\u0165ach. Za\u010diatok t\u00fd\u017ed\u0148a sa niesol nielen na\u0161imi, ale aj va\u0161imi \u00a0ob\u013e\u00faben\u00fdmi spomienkami na kni\u017enicu a knihovn\u00edka. Nahrat\u00e9 pr\u00edspevky boli postupne po\u010das t\u00fd\u017ed\u0148a zverej\u0148ovan\u00e9. Aj \u010ditatelia sa mohli zapoji\u0165 zaslan\u00edm svojho &#8230; <a title=\"T\u00fd\u017ede\u0148 slovensk\u00fdch kni\u017en\u00edc v Krajskej kni\u017enici v\u00a0\u017diline\" class=\"read-more\" href=\"https:\/\/www.krajskakniznicazilina.sk\/index.php\/2021\/03\/08\/tyzden-slovenskych-kniznic-v-krajskej-kniznici-v-ziline\/\" aria-label=\"Pre\u010d\u00edtajte si viac o T\u00fd\u017ede\u0148 slovensk\u00fdch kni\u017en\u00edc v Krajskej kni\u017enici v\u00a0\u017diline\">\u010c\u00edta\u0165 viac<\/a><\/p>\n","protected":false},"author":1,"featured_media":0,"comment_status":"open","ping_status":"open","sticky":false,"template":"","format":"image","meta":{"footnotes":""},"categories":[19],"tags":[],"class_list":["post-6486","post","type-post","status-publish","format-image","hentry","category-tlacova-sprava","post_format-post-format-image"],"_links":{"self":[{"href":"https:\/\/www.krajskakniznicazilina.sk\/index.php\/wp-json\/wp\/v2\/posts\/6486","targetHints":{"allow":["GET"]}}],"collection":[{"href":"https:\/\/www.krajskakniznicazilina.sk\/index.php\/wp-json\/wp\/v2\/posts"}],"about":[{"href":"https:\/\/www.krajskakniznicazilina.sk\/index.php\/wp-json\/wp\/v2\/types\/post"}],"author":[{"embeddable":true,"href":"https:\/\/www.krajskakniznicazilina.sk\/index.php\/wp-json\/wp\/v2\/users\/1"}],"replies":[{"embeddable":true,"href":"https:\/\/www.krajskakniznicazilina.sk\/index.php\/wp-json\/wp\/v2\/comments?post=6486"}],"version-history":[{"count":3,"href":"https:\/\/www.krajskakniznicazilina.sk\/index.php\/wp-json\/wp\/v2\/posts\/6486\/revisions"}],"predecessor-version":[{"id":6489,"href":"https:\/\/www.krajskakniznicazilina.sk\/index.php\/wp-json\/wp\/v2\/posts\/6486\/revisions\/6489"}],"wp:attachment":[{"href":"https:\/\/www.krajskakniznicazilina.sk\/index.php\/wp-json\/wp\/v2\/media?parent=6486"}],"wp:term":[{"taxonomy":"category","embeddable":true,"href":"https:\/\/www.krajskakniznicazilina.sk\/index.php\/wp-json\/wp\/v2\/categories?post=6486"},{"taxonomy":"post_tag","embeddable":true,"href":"https:\/\/www.krajskakniznicazilina.sk\/index.php\/wp-json\/wp\/v2\/tags?post=6486"}],"curies":[{"name":"wp","href":"https:\/\/api.w.org\/{rel}","templated":true}]}}