{"id":6496,"date":"2021-03-05T09:53:11","date_gmt":"2021-03-05T08:53:11","guid":{"rendered":"https:\/\/www.krajskakniznicazilina.sk\/?p=6496"},"modified":"2021-03-11T12:02:07","modified_gmt":"2021-03-11T11:02:07","slug":"o-literature-s-mladezou","status":"publish","type":"post","link":"https:\/\/www.krajskakniznicazilina.sk\/index.php\/2021\/03\/05\/o-literature-s-mladezou\/","title":{"rendered":"O literat\u00fare s ml\u00e1de\u017eou (marec 2021)"},"content":{"rendered":"<p style=\"text-align: justify;\"><a href=\"https:\/\/www.krajskakniznicazilina.sk\/clanky\/2021\/03\/zoom%20marec.jpg\"><img decoding=\"async\" class=\"size-full alignright\" src=\"https:\/\/www.krajskakniznicazilina.sk\/clanky\/2021\/03\/zoom%20marec.jpg\" width=\"39%\" height=\"39%\" \/><\/a>Krajsk\u00e1 kni\u017enica v \u017diline sa zapojila do ponuky pre ml\u00e1de\u017e v \u010dase pand\u00e9mie, ktor\u00fa organizuje IUVENTA \u2013 Slovensk\u00fd in\u0161tit\u00fat ml\u00e1de\u017ee. Ich \u00a0z\u00e1merom je v spolupr\u00e1ci s partnermi pon\u00faknu\u0165 mlad\u00fdm \u013eu\u010fom zmyslupln\u00fd program na vo\u013en\u00fd \u010das a odreagovanie sa od aktu\u00e1lnej situ\u00e1cie.\u00a0 Podrobnej\u0161ie inform\u00e1cie n\u00e1jdete na port\u00e1li:\u00a0<a href=\"https:\/\/www.pracasmladezou.sk\/index.php\/kontakt\/\">https:\/\/www.pracasmladezou.sk\/index.php\/kontakt\/<\/a><\/p>\n<p style=\"text-align: justify;\"><strong>Liter\u00e1rne stretnutie\u00a0<\/strong>(pre ml\u00e1de\u017e od 13 \u2013 19 rokov)<br \/>\nPridajte sa k n\u00e1m cez zoom stretnutie, na ktorom si vysk\u00fa\u0161ate kreat\u00edvne p\u00edsanie na zadan\u00fa t\u00e9mu.<br \/>\nTerm\u00edn stretnutia bude v stredu <strong>10.3.2021 o 14:00<\/strong>, sta\u010d\u00ed sa <strong>pripoji\u0165 cez odkaz<\/strong>: <a href=\"https:\/\/bit.ly\/KKZAzoom\"><strong>https:\/\/bit.ly\/KKZAzoom<\/strong><\/a><\/p>\n<p style=\"text-align: justify;\"><strong>Zabudnut\u00ed autori <\/strong>(pre \u0161tudentov stredn\u00fdch \u0161k\u00f4l)<br \/>\nPovieme si bli\u017e\u0161ie o autoroch, ktor\u00ed s\u00fa takmer nezn\u00e1mi, no zasl\u00fa\u017eia si pozornos\u0165. Napr.: John Fante; Louis &#8211; Ferdinand C\u00e9line; Gaito Gazdanov &#8230;<br \/>\nTerm\u00edn stretnutia bude v stredu <strong>24.3.2021 o 14:00<\/strong>, sta\u010d\u00ed sa <strong>pripoji\u0165 cez odkaz<\/strong>: <a href=\"https:\/\/bit.ly\/KKZAzoom\"><strong>https:\/\/bit.ly\/KKZAzoom<\/strong><\/a><\/p>\n","protected":false},"excerpt":{"rendered":"<p>Krajsk\u00e1 kni\u017enica v \u017diline sa zapojila do ponuky pre ml\u00e1de\u017e v \u010dase pand\u00e9mie, ktor\u00fa organizuje IUVENTA \u2013 Slovensk\u00fd in\u0161tit\u00fat ml\u00e1de\u017ee. Ich \u00a0z\u00e1merom je v spolupr\u00e1ci s partnermi pon\u00faknu\u0165 mlad\u00fdm \u013eu\u010fom zmyslupln\u00fd program na vo\u013en\u00fd \u010das a odreagovanie sa od aktu\u00e1lnej situ\u00e1cie.\u00a0 Podrobnej\u0161ie inform\u00e1cie n\u00e1jdete na port\u00e1li:\u00a0https:\/\/www.pracasmladezou.sk\/index.php\/kontakt\/ Liter\u00e1rne stretnutie\u00a0(pre ml\u00e1de\u017e od 13 \u2013 19 rokov) Pridajte &#8230; <a title=\"O literat\u00fare s ml\u00e1de\u017eou (marec 2021)\" class=\"read-more\" href=\"https:\/\/www.krajskakniznicazilina.sk\/index.php\/2021\/03\/05\/o-literature-s-mladezou\/\" aria-label=\"Pre\u010d\u00edtajte si viac o O literat\u00fare s ml\u00e1de\u017eou (marec 2021)\">\u010c\u00edta\u0165 viac<\/a><\/p>\n","protected":false},"author":1,"featured_media":0,"comment_status":"open","ping_status":"open","sticky":false,"template":"","format":"image","meta":{"footnotes":""},"categories":[12],"tags":[],"class_list":["post-6496","post","type-post","status-publish","format-image","hentry","category-podujatie","post_format-post-format-image"],"_links":{"self":[{"href":"https:\/\/www.krajskakniznicazilina.sk\/index.php\/wp-json\/wp\/v2\/posts\/6496","targetHints":{"allow":["GET"]}}],"collection":[{"href":"https:\/\/www.krajskakniznicazilina.sk\/index.php\/wp-json\/wp\/v2\/posts"}],"about":[{"href":"https:\/\/www.krajskakniznicazilina.sk\/index.php\/wp-json\/wp\/v2\/types\/post"}],"author":[{"embeddable":true,"href":"https:\/\/www.krajskakniznicazilina.sk\/index.php\/wp-json\/wp\/v2\/users\/1"}],"replies":[{"embeddable":true,"href":"https:\/\/www.krajskakniznicazilina.sk\/index.php\/wp-json\/wp\/v2\/comments?post=6496"}],"version-history":[{"count":3,"href":"https:\/\/www.krajskakniznicazilina.sk\/index.php\/wp-json\/wp\/v2\/posts\/6496\/revisions"}],"predecessor-version":[{"id":6499,"href":"https:\/\/www.krajskakniznicazilina.sk\/index.php\/wp-json\/wp\/v2\/posts\/6496\/revisions\/6499"}],"wp:attachment":[{"href":"https:\/\/www.krajskakniznicazilina.sk\/index.php\/wp-json\/wp\/v2\/media?parent=6496"}],"wp:term":[{"taxonomy":"category","embeddable":true,"href":"https:\/\/www.krajskakniznicazilina.sk\/index.php\/wp-json\/wp\/v2\/categories?post=6496"},{"taxonomy":"post_tag","embeddable":true,"href":"https:\/\/www.krajskakniznicazilina.sk\/index.php\/wp-json\/wp\/v2\/tags?post=6496"}],"curies":[{"name":"wp","href":"https:\/\/api.w.org\/{rel}","templated":true}]}}