{"id":6539,"date":"2021-03-30T09:04:45","date_gmt":"2021-03-30T07:04:45","guid":{"rendered":"https:\/\/www.krajskakniznicazilina.sk\/?p=6539"},"modified":"2021-03-24T13:15:33","modified_gmt":"2021-03-24T12:15:33","slug":"veronika-hortova-vystava","status":"publish","type":"post","link":"https:\/\/www.krajskakniznicazilina.sk\/index.php\/2021\/03\/30\/veronika-hortova-vystava\/","title":{"rendered":"Veronika Hortov\u00e1 &#8211; v\u00fdstava"},"content":{"rendered":"<p><strong><a href=\"https:\/\/www.krajskakniznicazilina.sk\/clanky\/2021\/04\/Hortov%C3%A1%20v%C3%BDstava.jpg\"><img decoding=\"async\" class=\"alignright size-full\" src=\"https:\/\/www.krajskakniznicazilina.sk\/clanky\/2021\/04\/Hortov%C3%A1%20v%C3%BDstava.jpg\" width=\"40%\" height=\"40%\" \/><\/a>Veronika Hortov\u00e1 <\/strong><br \/>\nknihovn\u00ed\u010dka, riadite\u013eka Okresnej kni\u017enice v \u017diline<br \/>\n* 19.04.1931 &#8211; Kol\u00e1rovice<br \/>\n+ 20.08.2004 &#8211; \u017dilina<\/p>\n<p>V\u00fdstava pri pr\u00edle\u017eitosti 90 . v\u00fdro\u010dia narodenia knihovn\u00ed\u010dky a b\u00fdvalej riadite\u013eky Okresnej kni\u017enice v \u017diline. Predstav\u00edme V\u00e1m jej \u017eivot a p\u00f4sobenie v \u017diline. V\u00fdstavu n\u00e1jdete na pr\u00edzem\u00ed kni\u017enice do konca apr\u00edla.<\/p>\n","protected":false},"excerpt":{"rendered":"<p>Veronika Hortov\u00e1 knihovn\u00ed\u010dka, riadite\u013eka Okresnej kni\u017enice v \u017diline * 19.04.1931 &#8211; Kol\u00e1rovice + 20.08.2004 &#8211; \u017dilina V\u00fdstava pri pr\u00edle\u017eitosti 90 . v\u00fdro\u010dia narodenia knihovn\u00ed\u010dky a b\u00fdvalej riadite\u013eky Okresnej kni\u017enice v \u017diline. Predstav\u00edme V\u00e1m jej \u017eivot a p\u00f4sobenie v \u017diline. V\u00fdstavu n\u00e1jdete na pr\u00edzem\u00ed kni\u017enice do konca apr\u00edla.<\/p>\n","protected":false},"author":1,"featured_media":0,"comment_status":"open","ping_status":"open","sticky":false,"template":"","format":"image","meta":{"footnotes":""},"categories":[15],"tags":[],"class_list":["post-6539","post","type-post","status-publish","format-image","hentry","category-vystava","post_format-post-format-image"],"_links":{"self":[{"href":"https:\/\/www.krajskakniznicazilina.sk\/index.php\/wp-json\/wp\/v2\/posts\/6539","targetHints":{"allow":["GET"]}}],"collection":[{"href":"https:\/\/www.krajskakniznicazilina.sk\/index.php\/wp-json\/wp\/v2\/posts"}],"about":[{"href":"https:\/\/www.krajskakniznicazilina.sk\/index.php\/wp-json\/wp\/v2\/types\/post"}],"author":[{"embeddable":true,"href":"https:\/\/www.krajskakniznicazilina.sk\/index.php\/wp-json\/wp\/v2\/users\/1"}],"replies":[{"embeddable":true,"href":"https:\/\/www.krajskakniznicazilina.sk\/index.php\/wp-json\/wp\/v2\/comments?post=6539"}],"version-history":[{"count":2,"href":"https:\/\/www.krajskakniznicazilina.sk\/index.php\/wp-json\/wp\/v2\/posts\/6539\/revisions"}],"predecessor-version":[{"id":6554,"href":"https:\/\/www.krajskakniznicazilina.sk\/index.php\/wp-json\/wp\/v2\/posts\/6539\/revisions\/6554"}],"wp:attachment":[{"href":"https:\/\/www.krajskakniznicazilina.sk\/index.php\/wp-json\/wp\/v2\/media?parent=6539"}],"wp:term":[{"taxonomy":"category","embeddable":true,"href":"https:\/\/www.krajskakniznicazilina.sk\/index.php\/wp-json\/wp\/v2\/categories?post=6539"},{"taxonomy":"post_tag","embeddable":true,"href":"https:\/\/www.krajskakniznicazilina.sk\/index.php\/wp-json\/wp\/v2\/tags?post=6539"}],"curies":[{"name":"wp","href":"https:\/\/api.w.org\/{rel}","templated":true}]}}