{"id":7072,"date":"2021-07-01T07:43:40","date_gmt":"2021-07-01T05:43:40","guid":{"rendered":"https:\/\/www.krajskakniznicazilina.sk\/?p=7072"},"modified":"2021-07-08T08:50:11","modified_gmt":"2021-07-08T06:50:11","slug":"vystava-ine-svety","status":"publish","type":"post","link":"https:\/\/www.krajskakniznicazilina.sk\/index.php\/2021\/07\/01\/vystava-ine-svety\/","title":{"rendered":"V\u00fdstava In\u00e9 svety"},"content":{"rendered":"<p style=\"text-align: justify;\"><a href=\"https:\/\/www.krajskakniznicazilina.sk\/clanky\/2021\/07\/in%C3%A9%20svety.jpg\"><img decoding=\"async\" class=\"size-full alignright\" src=\"https:\/\/www.krajskakniznicazilina.sk\/clanky\/2021\/07\/in%C3%A9%20svety.jpg\" width=\"40%\" height=\"40%\" \/><\/a>V\u00fdstava <strong>In\u00e9 svety<\/strong> prezentuje tvorbu dvoch autoriek, ktor\u00e9 okrem priate\u013estva sp\u00e1ja v maliarskej tvorbe pr\u00e1ca s nie klasick\u00fdmi maliarsk\u00fdmi postupmi. V ma\u013ebe experimentovali s r\u00f4znymi materi\u00e1lov\u00fdmi posunmi, najsk\u00f4r ako so samostatnou t\u00e9mou, ale po \u010dase je to pre ne viac prostriedok na zobrazovanie individu\u00e1lnych t\u00e9m, ktor\u00fdm sa ka\u017ed\u00e1 venuje.<\/p>\n<p style=\"text-align: justify;\">M\u00e1ria Kova\u010dik sk\u00fama krehkos\u0165 vizu\u00e1lnych inform\u00e1cii- obrazov v zmysle ich viaczna\u010dnej uchopite\u013enosti a z\u00e1rove\u0148 sa zauj\u00edma o artikul\u00e1ciu vz\u0165ahu div\u00e1ka k viden\u00e9mu.<\/p>\n<p style=\"text-align: justify;\">Krist\u00edna Kandrikov\u00e1 zachyt\u00e1va pre \u0148u magick\u00e9, ale z\u00e1rove\u0148 pominute\u013en\u00e9 momenty z krajiny.<\/p>\n<p>V\u00fdstavu n\u00e1jde na pr\u00edzem\u00ed Krajskej kni\u017enice v \u017diline od 2.j\u00fala 2021.<\/p>\n","protected":false},"excerpt":{"rendered":"<p>V\u00fdstava In\u00e9 svety prezentuje tvorbu dvoch autoriek, ktor\u00e9 okrem priate\u013estva sp\u00e1ja v maliarskej tvorbe pr\u00e1ca s nie klasick\u00fdmi maliarsk\u00fdmi postupmi. V ma\u013ebe experimentovali s r\u00f4znymi materi\u00e1lov\u00fdmi posunmi, najsk\u00f4r ako so samostatnou t\u00e9mou, ale po \u010dase je to pre ne viac prostriedok na zobrazovanie individu\u00e1lnych t\u00e9m, ktor\u00fdm sa ka\u017ed\u00e1 venuje. M\u00e1ria Kova\u010dik sk\u00fama krehkos\u0165 vizu\u00e1lnych inform\u00e1cii- &#8230; <a title=\"V\u00fdstava In\u00e9 svety\" class=\"read-more\" href=\"https:\/\/www.krajskakniznicazilina.sk\/index.php\/2021\/07\/01\/vystava-ine-svety\/\" aria-label=\"Pre\u010d\u00edtajte si viac o V\u00fdstava In\u00e9 svety\">\u010c\u00edta\u0165 viac<\/a><\/p>\n","protected":false},"author":1,"featured_media":0,"comment_status":"open","ping_status":"open","sticky":false,"template":"","format":"image","meta":{"footnotes":""},"categories":[15],"tags":[],"class_list":["post-7072","post","type-post","status-publish","format-image","hentry","category-vystava","post_format-post-format-image"],"_links":{"self":[{"href":"https:\/\/www.krajskakniznicazilina.sk\/index.php\/wp-json\/wp\/v2\/posts\/7072","targetHints":{"allow":["GET"]}}],"collection":[{"href":"https:\/\/www.krajskakniznicazilina.sk\/index.php\/wp-json\/wp\/v2\/posts"}],"about":[{"href":"https:\/\/www.krajskakniznicazilina.sk\/index.php\/wp-json\/wp\/v2\/types\/post"}],"author":[{"embeddable":true,"href":"https:\/\/www.krajskakniznicazilina.sk\/index.php\/wp-json\/wp\/v2\/users\/1"}],"replies":[{"embeddable":true,"href":"https:\/\/www.krajskakniznicazilina.sk\/index.php\/wp-json\/wp\/v2\/comments?post=7072"}],"version-history":[{"count":3,"href":"https:\/\/www.krajskakniznicazilina.sk\/index.php\/wp-json\/wp\/v2\/posts\/7072\/revisions"}],"predecessor-version":[{"id":7259,"href":"https:\/\/www.krajskakniznicazilina.sk\/index.php\/wp-json\/wp\/v2\/posts\/7072\/revisions\/7259"}],"wp:attachment":[{"href":"https:\/\/www.krajskakniznicazilina.sk\/index.php\/wp-json\/wp\/v2\/media?parent=7072"}],"wp:term":[{"taxonomy":"category","embeddable":true,"href":"https:\/\/www.krajskakniznicazilina.sk\/index.php\/wp-json\/wp\/v2\/categories?post=7072"},{"taxonomy":"post_tag","embeddable":true,"href":"https:\/\/www.krajskakniznicazilina.sk\/index.php\/wp-json\/wp\/v2\/tags?post=7072"}],"curies":[{"name":"wp","href":"https:\/\/api.w.org\/{rel}","templated":true}]}}