{"id":7134,"date":"2021-07-08T08:02:26","date_gmt":"2021-07-08T06:02:26","guid":{"rendered":"https:\/\/www.krajskakniznicazilina.sk\/?p=7134"},"modified":"2021-07-20T10:41:47","modified_gmt":"2021-07-20T08:41:47","slug":"detske-leto-v-kniznici-2021-ii","status":"publish","type":"post","link":"https:\/\/www.krajskakniznicazilina.sk\/index.php\/2021\/07\/08\/detske-leto-v-kniznici-2021-ii\/","title":{"rendered":"Detsk\u00e9 leto v kni\u017enici 2021 II."},"content":{"rendered":"<p style=\"text-align: justify;\"><a href=\"https:\/\/www.krajskakniznicazilina.sk\/clanky\/2021\/07\/detsk%C3%A9%20leto%202.jpg\"><img decoding=\"async\" class=\"alignright size-full\" src=\"https:\/\/www.krajskakniznicazilina.sk\/clanky\/2021\/07\/detsk%C3%A9%20leto%202.jpg\" width=\"40%\" height=\"40%\" \/><\/a>Ani tento rok sme nezabudli pripravi\u0165 detsk\u00e9 leto v Krajskej kni\u017enici v \u017diline. V\u00e4\u010d\u0161ina podujat\u00ed je pripraven\u00e9 pre deti od 5 rokov, nezabudli sme ani na t\u00fdch najmen\u0161\u00edch, ale ani na ml\u00e1de\u017e. Leto bude pln\u00e9 \u010d\u00edtania i tvoriv\u00fdch podujat\u00ed. (Zmena programu vyhraden\u00e1.)<!--more--><\/p>\n<p><strong>Nechcem by\u0165 \u017eabou<\/strong><\/p>\n<ul>\n<li><strong>20.j\u00fala o 10:00<\/strong> (od 5 rokov)<\/li>\n<li>z\u00e1\u017eitkov\u00e9 \u010d\u00edtanie<\/li>\n<li style=\"text-align: justify;\">V\u0161etci sme rovnak\u00ed a predsa trochu in\u00ed. Aj napriek tomu vieme spolupracova\u0165, vieme sa hra\u0165, vieme urobi\u0165 ve\u013ea u\u017eito\u010dn\u00fdch vec\u00ed. Niekto je vy\u0161\u0161\u00ed, niekto ni\u017e\u0161\u00ed, niekto m\u00e1 r\u00e1d sladk\u00e9, in\u00fd slan\u00e9. Budeme si \u010d\u00edta\u0165 z knihy Roalda Dahla &#8211; \u017dirafa, Pelly a Ja, o 3 zvieratk\u00e1ch, ktor\u00e9 sa stali priate\u013emi mal\u00e9ho chlapca. Ponor\u00edme sa aj do pr\u00edbehu \u0161kared\u00e9ho k\u00e1\u010datka.<\/li>\n<\/ul>\n<p><strong>Premena papiera<\/strong><\/p>\n<ul>\n<li><strong>22.j\u00fala o 14:00<\/strong> (od 5 rokov)<\/li>\n<li>tvoriv\u00e9 dielne<\/li>\n<li style=\"text-align: justify;\">Ke\u010f sa V\u00e1m doma min\u00fa kuchynsk\u00e9 utierky, rolky z nich u\u017e nemus\u00edte vyhadzova\u0165. S de\u0165mi si vyrob\u00edme si r\u00f4zne hra\u010dky (voja\u010dika, \u017eirafu&#8230;) z papierov\u00fdch roliek. Materi\u00e1l si deti m\u00f4\u017eu prinies\u0165 zo sebou, ale nie\u010do sa n\u00e1jde aj v kni\u017enici.<\/li>\n<\/ul>\n<p><strong>Povedz to rukami<\/strong><\/p>\n<ul>\n<li><strong>27.j\u00fala o 10:00<\/strong> (od 5 rokov)<\/li>\n<li>z\u00e1klady posunkovej re\u010di<\/li>\n<li>St\u00e1va sa ti ob\u010das, \u017ee sa tv\u00e1ri\u0161, \u017ee nepo\u010duje\u0161? Hlavne, ke\u010f od teba nie\u010do chc\u00fa rodi\u010dia? Vlastne po\u010duje\u0161 iba to, \u010do chce\u0161. Ako by to bolo, keby si odrazu stratil sluch a nepo\u010dul v\u00f4bec ni\u010d? Nau\u010d\u00edme sa z\u00e1kladn\u00e9 znaky posunkovej re\u010di.<\/li>\n<\/ul>\n<p><strong>Nevyhadzuj to star\u00e9 tri\u010dko<\/strong><\/p>\n<ul>\n<li><strong>29.j\u00fala o 14:00<\/strong> (od 5 rokov)<\/li>\n<li>tvoriv\u00e9 dielne<\/li>\n<li style=\"text-align: justify;\">\u010co rob\u00edte doma s derav\u00fdmi pono\u017ekami alebo tri\u010dkami, ktor\u00e9 u\u017e nejd\u00fa vypra\u0165? \u017de id\u00fa rovno do ko\u0161a? Uk\u00e1\u017eeme v\u00e1m sp\u00f4sob, ako ich m\u00f4\u017eete e\u0161te raz pou\u017ei\u0165. Zo star\u00fdch tri\u010diek a pono\u017eiek si vyrob\u00edme b\u00e1bky. Deti si prines\u00fa zo sebou star\u00e9 tri\u010dko a vatu alebo pono\u017eku a ry\u017eu, ihlu na \u0161itie, ni\u0165 alebo bavlnku<\/li>\n<\/ul>\n<p><strong>Najob\u013e\u00fabenej\u0161\u00ed animovan\u00ed hrdinovia<\/strong><\/p>\n<ul>\n<li><strong>30.j\u00fala o 14:00<\/strong> (od 10 rokov)<\/li>\n<li>liter\u00e1rny piatok pre ml\u00e1de\u017e<\/li>\n<li style=\"text-align: justify;\">Budeme diskutova\u0165 o animovan\u00fdch hrdinoch, pre\u010do s\u00fa vlastne tak\u00ed ob\u013e\u00faben\u00ed? ? Ako n\u00e1m pom\u00e1haj\u00fa viac sa v\u017ei\u0165 do pr\u00edbehu? Sk\u00fasime si dokonca vytvori\u0165 animovan\u00fa postavu a vymyslie\u0165 jej meno.<\/li>\n<\/ul>\n<p style=\"text-align: justify;\">Detsk\u00e9 leto v kni\u017enici 2021 je organizovan\u00e9 v r\u00e1mci projektu Sme rozmanit\u00ed. Projekt Sme rozmanit\u00ed, a predsa tak podobn\u00ed je spolufinancovan\u00fd mestom \u017dilina a \u017dilinsk\u00fdm samospr\u00e1vnym krajom.<\/p>\n","protected":false},"excerpt":{"rendered":"<p>Ani tento rok sme nezabudli pripravi\u0165 detsk\u00e9 leto v Krajskej kni\u017enici v \u017diline. V\u00e4\u010d\u0161ina podujat\u00ed je pripraven\u00e9 pre deti od 5 rokov, nezabudli sme ani na t\u00fdch najmen\u0161\u00edch, ale ani na ml\u00e1de\u017e. Leto bude pln\u00e9 \u010d\u00edtania i tvoriv\u00fdch podujat\u00ed. (Zmena programu vyhraden\u00e1.)<\/p>\n","protected":false},"author":1,"featured_media":0,"comment_status":"open","ping_status":"open","sticky":false,"template":"","format":"image","meta":{"footnotes":""},"categories":[30,12,17],"tags":[],"class_list":["post-7134","post","type-post","status-publish","format-image","hentry","category-detske-leto","category-podujatie","category-program","post_format-post-format-image"],"_links":{"self":[{"href":"https:\/\/www.krajskakniznicazilina.sk\/index.php\/wp-json\/wp\/v2\/posts\/7134","targetHints":{"allow":["GET"]}}],"collection":[{"href":"https:\/\/www.krajskakniznicazilina.sk\/index.php\/wp-json\/wp\/v2\/posts"}],"about":[{"href":"https:\/\/www.krajskakniznicazilina.sk\/index.php\/wp-json\/wp\/v2\/types\/post"}],"author":[{"embeddable":true,"href":"https:\/\/www.krajskakniznicazilina.sk\/index.php\/wp-json\/wp\/v2\/users\/1"}],"replies":[{"embeddable":true,"href":"https:\/\/www.krajskakniznicazilina.sk\/index.php\/wp-json\/wp\/v2\/comments?post=7134"}],"version-history":[{"count":7,"href":"https:\/\/www.krajskakniznicazilina.sk\/index.php\/wp-json\/wp\/v2\/posts\/7134\/revisions"}],"predecessor-version":[{"id":7283,"href":"https:\/\/www.krajskakniznicazilina.sk\/index.php\/wp-json\/wp\/v2\/posts\/7134\/revisions\/7283"}],"wp:attachment":[{"href":"https:\/\/www.krajskakniznicazilina.sk\/index.php\/wp-json\/wp\/v2\/media?parent=7134"}],"wp:term":[{"taxonomy":"category","embeddable":true,"href":"https:\/\/www.krajskakniznicazilina.sk\/index.php\/wp-json\/wp\/v2\/categories?post=7134"},{"taxonomy":"post_tag","embeddable":true,"href":"https:\/\/www.krajskakniznicazilina.sk\/index.php\/wp-json\/wp\/v2\/tags?post=7134"}],"curies":[{"name":"wp","href":"https:\/\/api.w.org\/{rel}","templated":true}]}}