{"id":7138,"date":"2021-07-22T08:04:00","date_gmt":"2021-07-22T06:04:00","guid":{"rendered":"https:\/\/www.krajskakniznicazilina.sk\/?p=7138"},"modified":"2021-07-15T11:24:26","modified_gmt":"2021-07-15T09:24:26","slug":"detske-leto-v-kniznici-2021-iii","status":"publish","type":"post","link":"https:\/\/www.krajskakniznicazilina.sk\/index.php\/2021\/07\/22\/detske-leto-v-kniznici-2021-iii\/","title":{"rendered":"Detsk\u00e9 leto v kni\u017enici 2021 III."},"content":{"rendered":"<p style=\"text-align: justify;\"><a href=\"https:\/\/www.krajskakniznicazilina.sk\/clanky\/2021\/08\/detsk%C3%A9%20leto%203.jpg\"><img decoding=\"async\" class=\"alignright size-full\" src=\"https:\/\/www.krajskakniznicazilina.sk\/clanky\/2021\/08\/detsk%C3%A9%20leto%203.jpg\" width=\"40%\" height=\"40%\" \/><\/a>Ani tento rok sme nezabudli pripravi\u0165 detsk\u00e9 leto v Krajskej kni\u017enici v \u017diline. V\u00e4\u010d\u0161ina podujat\u00ed je pripraven\u00e9 pre deti od 5 rokov, nezabudli sme ani na t\u00fdch najmen\u0161\u00edch, ale ani na ml\u00e1de\u017e. Leto bude pln\u00e9 \u010d\u00edtania i tvoriv\u00fdch podujat\u00ed. (Zmena programu vyhraden\u00e1.)<!--more--><\/p>\n<p><strong>Klub u knihu\u013eky<\/strong><\/p>\n<ul>\n<li><strong>2.augusta o 10:00<\/strong>\u00a0(od 1 roka)<\/li>\n<li>rozvoj pred\u010ditate\u013eskej gramotnosti<\/li>\n<li style=\"text-align: justify;\">Deti spolo\u010dne s diev\u010datkom Ella na gazdovstve spoznaj\u00fa zvieratk\u00e1, ktor\u00e9 na \u0148om \u017eij\u00fa. Zvieratk\u00e1 budeme h\u013eada\u0165 na obr\u00e1zkoch, h\u00e1da\u0165 pod\u013ea zvukov, ktor\u00e9 vyd\u00e1vaj\u00fa. Najmen\u0161\u00ed si m\u00f4\u017eu posklada\u0165 dreven\u00e9 puzzle so zvieratkami a vysk\u00fa\u0161a\u0165 \u010fal\u0161ie aktivity, ktor\u00e9 s\u00favisia s knihou.<\/li>\n<\/ul>\n<p><strong>Aj princezn\u00e1 m\u00f4\u017ee by\u0165 bojovn\u00edk<\/strong><\/p>\n<ul>\n<li><strong>3.augusta o 10:00<\/strong> (od 5 rokov)<\/li>\n<li>z\u00e1\u017eitkov\u00e9 \u010d\u00edtanie<\/li>\n<li style=\"text-align: justify;\">Kto by nechcel by\u0165 stato\u010dn\u00fd, odv\u00e1\u017eny a smel\u00fd? Rytieri a princovia sa vyd\u00e1vaj\u00fa na hrdinsk\u00e9 v\u00fdpravy a princezn\u00e9 a dvorn\u00e9 d\u00e1my len aby na z\u00e1mku \u010dakali, schov\u00e1vali sa v komnate vysoko vo ve\u017ei a triasli sa pred drakom. Tak to teda nie! My si uk\u00e1\u017eeme, \u017ee aj diev\u010dat\u00e1 m\u00f4\u017eu by\u0165 skvel\u00fdmi bojovn\u00ed\u010dkami. A chlapci, nebu\u010fte smutn\u00ed, ani na v\u00e1s sme nezabudli, tie\u017e si u\u017eijete z\u00e1bavy i dobrodru\u017estva do s\u00fdtosti.<\/li>\n<\/ul>\n<p><strong>Recykla\u010dn\u00fdm tvoren\u00edm si vyrob\u00edm&#8230;<\/strong><\/p>\n<ul>\n<li><strong>5.augusta o 14:00<\/strong> (od 5 rokov)<\/li>\n<li>tvoriv\u00e9 dielne<\/li>\n<li style=\"text-align: justify;\">Odpadu okolo n\u00e1s je ve\u013ea. Nie v\u0161etok v\u0161ak mus\u00ed skon\u010di\u0165 v\u00a0zbern\u00fdch n\u00e1dob\u00e1ch. M\u00f4\u017eeme mu da\u0165 druh\u00fa \u0161ancu a\u00a0vytvori\u0165 si origin\u00e1lne hra\u010dky, \u0161perky, alebo dekor\u00e1cie do bytu. T\u00e1to tvoriv\u00e1 diel\u0148a\u00a0 je ur\u010den\u00e1 pre v\u0161etk\u00fdch z\u00e1ujemcov, ktor\u00ed radi tvoria z\u00a0netradi\u010dn\u00fdch materi\u00e1lov. Deti, vezmite so sebou va\u0161ich rodi\u010dov alebo star\u00fdch rodi\u010dov a\u00a0nezabudnite pribali\u0165 fant\u00e1ziu.<\/li>\n<\/ul>\n<p><strong>M\u00f4j kamar\u00e1t<\/strong><\/p>\n<ul>\n<li><strong>9.augusta o 10:00<\/strong> (od 5 rokov)<\/li>\n<li>z\u00e1\u017eitkov\u00e9 \u010d\u00edtanie<\/li>\n<li style=\"text-align: justify;\">N\u00e1\u0161 ps\u00ed kni\u017en\u00fd hrdina pochopil, \u017ee bez vlastn\u00e9ho \u010dloveka je ka\u017ed\u00fd pes smutn\u00fd a zbyto\u010dn\u00fd. A tak si pre seba jedn\u00e9ho vyhliadol. Nebol to dospel\u00e1k, ale iba mal\u00fd chlapec, ktor\u00fd bol v\u00e1\u017eny, chud\u00fd a\u00a0pehav\u00fd. Pr\u00e1ve toto sa ps\u00edkovi ve\u013emi p\u00e1\u010dilo. Najzauj\u00edmavej\u0161ie je, \u017ee v\u0161etko sa vyvinie trochu inak, ako by sa na prv\u00fd poh\u013ead zdalo. Pr\u00ed\u010fte k n\u00e1m do kni\u017enice na z\u00e1\u017eitkov\u00e9 \u010d\u00edtanie a\u00a0dozviete sa, ako ich pr\u00edbeh pokra\u010duje.<\/li>\n<\/ul>\n<p><strong>N\u00e1ramky z kor\u00e1likov a gomb\u00edkov<\/strong><\/p>\n<ul>\n<li><strong>12.augusta o 14:00<\/strong> (od 5 rokov)<\/li>\n<li>tvoriv\u00e9 dielne<\/li>\n<li style=\"text-align: justify;\">M\u00e1te doma star\u00e9 gomb\u00edky \u010di sklenen\u00e9 alebo dreven\u00e9 kor\u00e1liky? Ak \u00e1no, prineste ich so sebou. Nie\u010do z\u00a0nich ur\u010dite vyrob\u00edme. M\u00f4\u017ee to by\u0165 napr\u00edklad pekn\u00fd n\u00e1ramok alebo prste\u0148. \u017de ste doma ni\u010d nena\u0161li? Pr\u00ed\u010fte medzi n\u00e1s, radi sa podel\u00edme. Tvoriv\u00e1 diel\u0148a je ur\u010den\u00e1 pre v\u0161etk\u00fdch: deti, mlad\u00fdch, ich rodi\u010dov, \u010di star\u00fdch rodi\u010dov.<\/li>\n<\/ul>\n<p><strong>Putovanie s Bilbom<\/strong><\/p>\n<ul>\n<li><strong>13.augusta o 14:00<\/strong> (od 10 rokov)<\/li>\n<li>liter\u00e1rny piatok pre ml\u00e1de\u017e<\/li>\n<li style=\"text-align: justify;\">Spolu s hobbitom Bilbom, hlavn\u00fdm hrdinom sl\u00e1vnej Tolkienovej knihy, za\u017eijeme neuverite\u013en\u00e9 pr\u00edhody. Nebudeme si len \u010d\u00edta\u0165, ale niektor\u00e9 z dobrodru\u017estiev si naozaj vysk\u00fa\u0161ame na vlastnej ko\u017ei!! \u010cakaj\u00fa n\u00e1s h\u00e1danky, dobr\u00fd postreh, presn\u00e1 mu\u0161ka a jedna skvel\u00e1 spolo\u010densk\u00e1 hra na mot\u00edvy kni\u017eky. Vid\u00edme sa na stretnut\u00ed liter\u00e1rneho klubu.<\/li>\n<\/ul>\n<p style=\"text-align: justify;\">Detsk\u00e9 leto v kni\u017enici 2021 je organizovan\u00e9 v r\u00e1mci projektu Sme rozmanit\u00ed. Projekt Sme rozmanit\u00ed, a predsa tak podobn\u00ed je spolufinancovan\u00fd mestom \u017dilina a \u017dilinsk\u00fdm samospr\u00e1vnym krajom.<\/p>\n","protected":false},"excerpt":{"rendered":"<p>Ani tento rok sme nezabudli pripravi\u0165 detsk\u00e9 leto v Krajskej kni\u017enici v \u017diline. V\u00e4\u010d\u0161ina podujat\u00ed je pripraven\u00e9 pre deti od 5 rokov, nezabudli sme ani na t\u00fdch najmen\u0161\u00edch, ale ani na ml\u00e1de\u017e. Leto bude pln\u00e9 \u010d\u00edtania i tvoriv\u00fdch podujat\u00ed. (Zmena programu vyhraden\u00e1.)<\/p>\n","protected":false},"author":1,"featured_media":0,"comment_status":"open","ping_status":"open","sticky":false,"template":"","format":"image","meta":{"footnotes":""},"categories":[30,35,12,17],"tags":[],"class_list":["post-7138","post","type-post","status-publish","format-image","hentry","category-detske-leto","category-knihulka","category-podujatie","category-program","post_format-post-format-image"],"_links":{"self":[{"href":"https:\/\/www.krajskakniznicazilina.sk\/index.php\/wp-json\/wp\/v2\/posts\/7138","targetHints":{"allow":["GET"]}}],"collection":[{"href":"https:\/\/www.krajskakniznicazilina.sk\/index.php\/wp-json\/wp\/v2\/posts"}],"about":[{"href":"https:\/\/www.krajskakniznicazilina.sk\/index.php\/wp-json\/wp\/v2\/types\/post"}],"author":[{"embeddable":true,"href":"https:\/\/www.krajskakniznicazilina.sk\/index.php\/wp-json\/wp\/v2\/users\/1"}],"replies":[{"embeddable":true,"href":"https:\/\/www.krajskakniznicazilina.sk\/index.php\/wp-json\/wp\/v2\/comments?post=7138"}],"version-history":[{"count":4,"href":"https:\/\/www.krajskakniznicazilina.sk\/index.php\/wp-json\/wp\/v2\/posts\/7138\/revisions"}],"predecessor-version":[{"id":7288,"href":"https:\/\/www.krajskakniznicazilina.sk\/index.php\/wp-json\/wp\/v2\/posts\/7138\/revisions\/7288"}],"wp:attachment":[{"href":"https:\/\/www.krajskakniznicazilina.sk\/index.php\/wp-json\/wp\/v2\/media?parent=7138"}],"wp:term":[{"taxonomy":"category","embeddable":true,"href":"https:\/\/www.krajskakniznicazilina.sk\/index.php\/wp-json\/wp\/v2\/categories?post=7138"},{"taxonomy":"post_tag","embeddable":true,"href":"https:\/\/www.krajskakniznicazilina.sk\/index.php\/wp-json\/wp\/v2\/tags?post=7138"}],"curies":[{"name":"wp","href":"https:\/\/api.w.org\/{rel}","templated":true}]}}