{"id":7232,"date":"2021-07-06T19:59:37","date_gmt":"2021-07-06T17:59:37","guid":{"rendered":"https:\/\/www.krajskakniznicazilina.sk\/?p=7232"},"modified":"2021-07-08T08:49:21","modified_gmt":"2021-07-08T06:49:21","slug":"kniznica-roka-2020","status":"publish","type":"post","link":"https:\/\/www.krajskakniznicazilina.sk\/index.php\/2021\/07\/06\/kniznica-roka-2020\/","title":{"rendered":"Kni\u017enica roka 2020"},"content":{"rendered":"<p style=\"text-align: justify;\"><a href=\"https:\/\/www.krajskakniznicazilina.sk\/clanky\/2021\/07\/kni%C5%BEnica%20roka%205.jpg\"><img decoding=\"async\" class=\"size-full alignright\" src=\"https:\/\/www.krajskakniznicazilina.sk\/clanky\/2021\/07\/kni%C5%BEnica%20roka%205.jpg\" width=\"50%\" height=\"50%\" \/><\/a>V utorok 6. j\u00fala sa v priestoroch Divadla Astorka Korzo \u00b490 v Bratislave uskuto\u010dnilo sl\u00e1vnostn\u00e9 odovzd\u00e1vanie Ceny ministerky kult\u00fary Slovenskej republiky.<\/p>\n<p style=\"text-align: justify;\">Cena ministerky kult\u00fary Slovenskej republiky <strong>Kni\u017enica roka<\/strong> bola udelen\u00e1\u00a0<strong>Krajskej kni\u017enici v \u017diline<\/strong>\u00a0za akt\u00edvnu pr\u00e1cu na skvalitnen\u00ed slu\u017eieb pre pou\u017e\u00edvate\u013eov a rozsiahlu rekon\u0161trukciu kni\u017eni\u010dn\u00fdch priestorov, ktor\u00e1 prispela k vytvoreniu modern\u00e9ho, funk\u010dn\u00e9ho a inkluz\u00edvneho prostredia pre n\u00e1v\u0161tevn\u00edkov a knihovn\u00edkov.<\/p>\n<p style=\"text-align: justify;\">zdroj: <a href=\"https:\/\/www.culture.gov.sk\/\">https:\/\/www.culture.gov.sk\/<\/a><\/p>\n<p><a href=\"https:\/\/www.krajskakniznicazilina.sk\/clanky\/2021\/07\/DSC_0025_R.jpg\"><img decoding=\"async\" class=\"alignleft size-full\" src=\"https:\/\/www.krajskakniznicazilina.sk\/clanky\/2021\/07\/DSC_0025_R.jpg\" alt=\"ocenenie Kni\u017enica roka 2020\" width=\"50%\" height=\"50%\" \/><\/a><\/p>\n","protected":false},"excerpt":{"rendered":"<p>V utorok 6. j\u00fala sa v priestoroch Divadla Astorka Korzo \u00b490 v Bratislave uskuto\u010dnilo sl\u00e1vnostn\u00e9 odovzd\u00e1vanie Ceny ministerky kult\u00fary Slovenskej republiky. Cena ministerky kult\u00fary Slovenskej republiky Kni\u017enica roka bola udelen\u00e1\u00a0Krajskej kni\u017enici v \u017diline\u00a0za akt\u00edvnu pr\u00e1cu na skvalitnen\u00ed slu\u017eieb pre pou\u017e\u00edvate\u013eov a rozsiahlu rekon\u0161trukciu kni\u017eni\u010dn\u00fdch priestorov, ktor\u00e1 prispela k vytvoreniu modern\u00e9ho, funk\u010dn\u00e9ho a inkluz\u00edvneho prostredia pre &#8230; <a title=\"Kni\u017enica roka 2020\" class=\"read-more\" href=\"https:\/\/www.krajskakniznicazilina.sk\/index.php\/2021\/07\/06\/kniznica-roka-2020\/\" aria-label=\"Pre\u010d\u00edtajte si viac o Kni\u017enica roka 2020\">\u010c\u00edta\u0165 viac<\/a><\/p>\n","protected":false},"author":1,"featured_media":0,"comment_status":"open","ping_status":"open","sticky":false,"template":"","format":"image","meta":{"footnotes":""},"categories":[1],"tags":[],"class_list":["post-7232","post","type-post","status-publish","format-image","hentry","category-oznam","post_format-post-format-image"],"_links":{"self":[{"href":"https:\/\/www.krajskakniznicazilina.sk\/index.php\/wp-json\/wp\/v2\/posts\/7232","targetHints":{"allow":["GET"]}}],"collection":[{"href":"https:\/\/www.krajskakniznicazilina.sk\/index.php\/wp-json\/wp\/v2\/posts"}],"about":[{"href":"https:\/\/www.krajskakniznicazilina.sk\/index.php\/wp-json\/wp\/v2\/types\/post"}],"author":[{"embeddable":true,"href":"https:\/\/www.krajskakniznicazilina.sk\/index.php\/wp-json\/wp\/v2\/users\/1"}],"replies":[{"embeddable":true,"href":"https:\/\/www.krajskakniznicazilina.sk\/index.php\/wp-json\/wp\/v2\/comments?post=7232"}],"version-history":[{"count":6,"href":"https:\/\/www.krajskakniznicazilina.sk\/index.php\/wp-json\/wp\/v2\/posts\/7232\/revisions"}],"predecessor-version":[{"id":7258,"href":"https:\/\/www.krajskakniznicazilina.sk\/index.php\/wp-json\/wp\/v2\/posts\/7232\/revisions\/7258"}],"wp:attachment":[{"href":"https:\/\/www.krajskakniznicazilina.sk\/index.php\/wp-json\/wp\/v2\/media?parent=7232"}],"wp:term":[{"taxonomy":"category","embeddable":true,"href":"https:\/\/www.krajskakniznicazilina.sk\/index.php\/wp-json\/wp\/v2\/categories?post=7232"},{"taxonomy":"post_tag","embeddable":true,"href":"https:\/\/www.krajskakniznicazilina.sk\/index.php\/wp-json\/wp\/v2\/tags?post=7232"}],"curies":[{"name":"wp","href":"https:\/\/api.w.org\/{rel}","templated":true}]}}