{"id":7278,"date":"2021-07-13T10:08:14","date_gmt":"2021-07-13T08:08:14","guid":{"rendered":"https:\/\/www.krajskakniznicazilina.sk\/?p=7278"},"modified":"2021-07-13T10:08:14","modified_gmt":"2021-07-13T08:08:14","slug":"kratko-o-3-romanoch-v-blog","status":"publish","type":"post","link":"https:\/\/www.krajskakniznicazilina.sk\/index.php\/2021\/07\/13\/kratko-o-3-romanoch-v-blog\/","title":{"rendered":"Kr\u00e1tko o 3 rom\u00e1noch V. (blog)"},"content":{"rendered":"<div style=\"background-color: #1a2d59; padding: 35px 25px 15px 45px; text-align: justify;\">\n<p><span style=\"color: #ffffff;\"><i><a href=\"https:\/\/kniznicazilina.blogspot.com\/2021\/07\/kratko-o-3-romanoch-v.html\"><img decoding=\"async\" class=\"alignright size-full\" src=\"https:\/\/www.krajskakniznicazilina.sk\/clanky\/2021\/07\/rom%C3%A1ny%20V.png\" alt=\"3 detsk\u00e9 knihy\" width=\"40%\" height=\"40%\" \/><\/a><\/i>On-su\u00a0Kim &#8211; Sk\u0159\u00ed\u0148 #13<br \/>\nDavid R. Gillham\u00a0&#8211; M\u011bsto \u017een<br \/>\nVojt\u011bch Rauer &#8211; Na sen\u011b<\/span><\/p>\n<p><span style=\"color: #ffffff;\">Viac sa do\u010d\u00edtate na blogu<\/span> <span style=\"color: #ccffff;\"><a style=\"color: #ccffff;\" href=\"https:\/\/kniznicazilina.blogspot.com\/2021\/07\/kratko-o-3-romanoch-v.html\"><strong>Kni\u017enica spoza pultu<\/strong><\/a><\/span>&lt;-br&gt;<\/p>\n<\/div>\n","protected":false},"excerpt":{"rendered":"<p>On-su\u00a0Kim &#8211; Sk\u0159\u00ed\u0148 #13 David R. Gillham\u00a0&#8211; M\u011bsto \u017een Vojt\u011bch Rauer &#8211; Na sen\u011b Viac sa do\u010d\u00edtate na blogu Kni\u017enica spoza pultu&lt;-br&gt;<\/p>\n","protected":false},"author":1,"featured_media":0,"comment_status":"open","ping_status":"open","sticky":false,"template":"","format":"image","meta":{"footnotes":""},"categories":[65],"tags":[],"class_list":["post-7278","post","type-post","status-publish","format-image","hentry","category-blog","post_format-post-format-image"],"_links":{"self":[{"href":"https:\/\/www.krajskakniznicazilina.sk\/index.php\/wp-json\/wp\/v2\/posts\/7278","targetHints":{"allow":["GET"]}}],"collection":[{"href":"https:\/\/www.krajskakniznicazilina.sk\/index.php\/wp-json\/wp\/v2\/posts"}],"about":[{"href":"https:\/\/www.krajskakniznicazilina.sk\/index.php\/wp-json\/wp\/v2\/types\/post"}],"author":[{"embeddable":true,"href":"https:\/\/www.krajskakniznicazilina.sk\/index.php\/wp-json\/wp\/v2\/users\/1"}],"replies":[{"embeddable":true,"href":"https:\/\/www.krajskakniznicazilina.sk\/index.php\/wp-json\/wp\/v2\/comments?post=7278"}],"version-history":[{"count":2,"href":"https:\/\/www.krajskakniznicazilina.sk\/index.php\/wp-json\/wp\/v2\/posts\/7278\/revisions"}],"predecessor-version":[{"id":7280,"href":"https:\/\/www.krajskakniznicazilina.sk\/index.php\/wp-json\/wp\/v2\/posts\/7278\/revisions\/7280"}],"wp:attachment":[{"href":"https:\/\/www.krajskakniznicazilina.sk\/index.php\/wp-json\/wp\/v2\/media?parent=7278"}],"wp:term":[{"taxonomy":"category","embeddable":true,"href":"https:\/\/www.krajskakniznicazilina.sk\/index.php\/wp-json\/wp\/v2\/categories?post=7278"},{"taxonomy":"post_tag","embeddable":true,"href":"https:\/\/www.krajskakniznicazilina.sk\/index.php\/wp-json\/wp\/v2\/tags?post=7278"}],"curies":[{"name":"wp","href":"https:\/\/api.w.org\/{rel}","templated":true}]}}