{"id":7349,"date":"2021-07-28T07:57:59","date_gmt":"2021-07-28T05:57:59","guid":{"rendered":"https:\/\/www.krajskakniznicazilina.sk\/?p=7349"},"modified":"2021-07-27T10:53:17","modified_gmt":"2021-07-27T08:53:17","slug":"zelena-starka-blog","status":"publish","type":"post","link":"https:\/\/www.krajskakniznicazilina.sk\/index.php\/2021\/07\/28\/zelena-starka-blog\/","title":{"rendered":"Zelen\u00e1 stark\u00e1 (blog)"},"content":{"rendered":"<div style=\"background-color: #1a2d59; padding: 35px 45px 25px 45px; text-align: justify;\">\n<p><span style=\"color: #ffffff;\"><i><a href=\"https:\/\/kniznicazilina.blogspot.com\/2021\/07\/ingibjorg-sigurdardottir-zelena-starka.html\"><img decoding=\"async\" class=\"alignright size-full\" src=\"https:\/\/static.artforum.sk\/media\/redactorjs\/zelena-starka-ingibjorg-sigurdardottir-3.JPG\" alt=\"Asimov - Nad\u00e1cia\" width=\"35%\" height=\"35%\" \/><\/a><\/i>B\u00e1bkov\u00e9 divadlo \u017dilina m\u00e1valo kedysi Soboty s rozpr\u00e1vkou &#8211; deti sa usadili na javisko na vank\u00fa\u0161e, herci sa posadili pred mikrof\u00f3ny a \u010d\u00edtalo sa. Okrem in\u00e9ho \u010d\u00edtali aj t\u00fato kr\u00e1snu knihu o\u00a0Zelenej starkej.<br \/>\n<\/span><\/p>\n<p><span style=\"color: #ffffff;\">Viac sa do\u010d\u00edtate na blogu<\/span> <span style=\"color: #ccffff;\"><a style=\"color: #ccffff;\" href=\"https:\/\/kniznicazilina.blogspot.com\/2021\/07\/ingibjorg-sigurdardottir-zelena-starka.html\"><strong>Kni\u017enica spoza pultu<\/strong><\/a><\/span>&lt;-br&gt;<\/p>\n<\/div>\n","protected":false},"excerpt":{"rendered":"<p>B\u00e1bkov\u00e9 divadlo \u017dilina m\u00e1valo kedysi Soboty s rozpr\u00e1vkou &#8211; deti sa usadili na javisko na vank\u00fa\u0161e, herci sa posadili pred mikrof\u00f3ny a \u010d\u00edtalo sa. Okrem in\u00e9ho \u010d\u00edtali aj t\u00fato kr\u00e1snu knihu o\u00a0Zelenej starkej. Viac sa do\u010d\u00edtate na blogu Kni\u017enica spoza pultu&lt;-br&gt;<\/p>\n","protected":false},"author":1,"featured_media":0,"comment_status":"open","ping_status":"open","sticky":false,"template":"","format":"image","meta":{"footnotes":""},"categories":[65],"tags":[],"class_list":["post-7349","post","type-post","status-publish","format-image","hentry","category-blog","post_format-post-format-image"],"_links":{"self":[{"href":"https:\/\/www.krajskakniznicazilina.sk\/index.php\/wp-json\/wp\/v2\/posts\/7349","targetHints":{"allow":["GET"]}}],"collection":[{"href":"https:\/\/www.krajskakniznicazilina.sk\/index.php\/wp-json\/wp\/v2\/posts"}],"about":[{"href":"https:\/\/www.krajskakniznicazilina.sk\/index.php\/wp-json\/wp\/v2\/types\/post"}],"author":[{"embeddable":true,"href":"https:\/\/www.krajskakniznicazilina.sk\/index.php\/wp-json\/wp\/v2\/users\/1"}],"replies":[{"embeddable":true,"href":"https:\/\/www.krajskakniznicazilina.sk\/index.php\/wp-json\/wp\/v2\/comments?post=7349"}],"version-history":[{"count":3,"href":"https:\/\/www.krajskakniznicazilina.sk\/index.php\/wp-json\/wp\/v2\/posts\/7349\/revisions"}],"predecessor-version":[{"id":7352,"href":"https:\/\/www.krajskakniznicazilina.sk\/index.php\/wp-json\/wp\/v2\/posts\/7349\/revisions\/7352"}],"wp:attachment":[{"href":"https:\/\/www.krajskakniznicazilina.sk\/index.php\/wp-json\/wp\/v2\/media?parent=7349"}],"wp:term":[{"taxonomy":"category","embeddable":true,"href":"https:\/\/www.krajskakniznicazilina.sk\/index.php\/wp-json\/wp\/v2\/categories?post=7349"},{"taxonomy":"post_tag","embeddable":true,"href":"https:\/\/www.krajskakniznicazilina.sk\/index.php\/wp-json\/wp\/v2\/tags?post=7349"}],"curies":[{"name":"wp","href":"https:\/\/api.w.org\/{rel}","templated":true}]}}