{"id":7363,"date":"2021-07-30T07:51:51","date_gmt":"2021-07-30T05:51:51","guid":{"rendered":"https:\/\/www.krajskakniznicazilina.sk\/?p=7363"},"modified":"2021-08-02T09:56:06","modified_gmt":"2021-08-02T07:56:06","slug":"rozpravka-o-pampusikovi-rozpravky-lisky-a-vlka","status":"publish","type":"post","link":"https:\/\/www.krajskakniznicazilina.sk\/index.php\/2021\/07\/30\/rozpravka-o-pampusikovi-rozpravky-lisky-a-vlka\/","title":{"rendered":"Rozpr\u00e1vka o Pamp\u00fa\u0161ikovi &#8211; Rozpr\u00e1vky L\u00ed\u0161ky a Vlka"},"content":{"rendered":"<p style=\"text-align: justify;\">Detsk\u00fd knihovn\u00edk odpor\u00fa\u010da:<br \/>\nRadi si spolo\u010dne s Va\u0161imi de\u0165mi \u010d\u00edtate klasick\u00e9 rozpr\u00e1vky? Ak \u00e1no, tak ur\u010dite siahnite po pr\u00edbehu <a href=\"http:\/\/katalog.krajskakniznicazilina.sk\/Carmen\/sk\/detail\/3851477?d=594#.YQeIsegzaUk\">O Pamp\u00fa\u0161ikovi<\/a>. Knihy, v ktor\u00fdch sa rozpr\u00e1vka nach\u00e1dza, n\u00e1jdete aj v na\u0161ej kni\u017enici.<br \/>\n<iframe loading=\"lazy\" title=\"YouTube video player\" src=\"https:\/\/www.youtube.com\/embed\/xILuqnUd6hw\" width=\"560\" height=\"315\" frameborder=\"0\" allowfullscreen=\"allowfullscreen\"><\/iframe><\/p>\n","protected":false},"excerpt":{"rendered":"<p>Detsk\u00fd knihovn\u00edk odpor\u00fa\u010da: Radi si spolo\u010dne s Va\u0161imi de\u0165mi \u010d\u00edtate klasick\u00e9 rozpr\u00e1vky? Ak \u00e1no, tak ur\u010dite siahnite po pr\u00edbehu O Pamp\u00fa\u0161ikovi. Knihy, v ktor\u00fdch sa rozpr\u00e1vka nach\u00e1dza, n\u00e1jdete aj v na\u0161ej kni\u017enici.<\/p>\n","protected":false},"author":1,"featured_media":0,"comment_status":"open","ping_status":"open","sticky":false,"template":"","format":"video","meta":{"footnotes":""},"categories":[1],"tags":[],"class_list":["post-7363","post","type-post","status-publish","format-video","hentry","category-oznam","post_format-post-format-video"],"_links":{"self":[{"href":"https:\/\/www.krajskakniznicazilina.sk\/index.php\/wp-json\/wp\/v2\/posts\/7363","targetHints":{"allow":["GET"]}}],"collection":[{"href":"https:\/\/www.krajskakniznicazilina.sk\/index.php\/wp-json\/wp\/v2\/posts"}],"about":[{"href":"https:\/\/www.krajskakniznicazilina.sk\/index.php\/wp-json\/wp\/v2\/types\/post"}],"author":[{"embeddable":true,"href":"https:\/\/www.krajskakniznicazilina.sk\/index.php\/wp-json\/wp\/v2\/users\/1"}],"replies":[{"embeddable":true,"href":"https:\/\/www.krajskakniznicazilina.sk\/index.php\/wp-json\/wp\/v2\/comments?post=7363"}],"version-history":[{"count":2,"href":"https:\/\/www.krajskakniznicazilina.sk\/index.php\/wp-json\/wp\/v2\/posts\/7363\/revisions"}],"predecessor-version":[{"id":7365,"href":"https:\/\/www.krajskakniznicazilina.sk\/index.php\/wp-json\/wp\/v2\/posts\/7363\/revisions\/7365"}],"wp:attachment":[{"href":"https:\/\/www.krajskakniznicazilina.sk\/index.php\/wp-json\/wp\/v2\/media?parent=7363"}],"wp:term":[{"taxonomy":"category","embeddable":true,"href":"https:\/\/www.krajskakniznicazilina.sk\/index.php\/wp-json\/wp\/v2\/categories?post=7363"},{"taxonomy":"post_tag","embeddable":true,"href":"https:\/\/www.krajskakniznicazilina.sk\/index.php\/wp-json\/wp\/v2\/tags?post=7363"}],"curies":[{"name":"wp","href":"https:\/\/api.w.org\/{rel}","templated":true}]}}