{"id":7372,"date":"2021-08-05T07:02:38","date_gmt":"2021-08-05T05:02:38","guid":{"rendered":"https:\/\/www.krajskakniznicazilina.sk\/?p=7372"},"modified":"2021-08-04T11:32:24","modified_gmt":"2021-08-04T09:32:24","slug":"vystava-hrady-a-zamky","status":"publish","type":"post","link":"https:\/\/www.krajskakniznicazilina.sk\/index.php\/2021\/08\/05\/vystava-hrady-a-zamky\/","title":{"rendered":"V\u00fdstava Hrady a z\u00e1mky"},"content":{"rendered":"<p style=\"text-align: justify;\">\n<p style=\"text-align: justify;\"><a href=\"https:\/\/www.krajskakniznicazilina.sk\/clanky\/2021\/08\/hrady%20a%20z%C3%A1mky.jpg\"><img decoding=\"async\" class=\"alignright size-full\" src=\"https:\/\/www.krajskakniznicazilina.sk\/clanky\/2021\/08\/hrady%20a%20z%C3%A1mky.jpg\" width=\"40%\" height=\"40%\" \/><\/a>V\u00fdstava pr\u00e1c v\u00fdtvarnej s\u00fa\u0165a\u017ee SZU\u0160 BRIOSO. T\u00e9ma v\u00fdtvarnej s\u00fa\u0165a\u017ee SZU\u0160 BRIOSO bola Hrady a z\u00e1mky Slovenska. S\u00fa\u0165a\u017enej prehliadky sa z\u00fa\u010dastnili \u017eiaci v\u00fdtvarn\u00e9ho odboru SZU\u0160 BRIOSO. \u017diaci pou\u017eili r\u00f4zne v\u00fdtvarn\u00e9 techniky: plo\u0161n\u00e9 &#8211; kresba, ma\u013eba, grafika a priestorov\u00fd objekt.<\/p>\n<p style=\"text-align: justify;\">V\u00fdtvarn\u00e9 pr\u00e1ce boli rozdelen\u00e9 a hodnoten\u00e9 pod\u013ea techniky vyhotovenia a z\u00e1rove\u0148 pod\u013ea vekov\u00fdch kateg\u00f3ri\u00ed. V\u00fdstavu pr\u00e1c n\u00e1jdete v Krajskej kni\u017enici v \u017diline do konca augusta.<\/p>\n","protected":false},"excerpt":{"rendered":"<p>V\u00fdstava pr\u00e1c v\u00fdtvarnej s\u00fa\u0165a\u017ee SZU\u0160 BRIOSO. T\u00e9ma v\u00fdtvarnej s\u00fa\u0165a\u017ee SZU\u0160 BRIOSO bola Hrady a z\u00e1mky Slovenska. S\u00fa\u0165a\u017enej prehliadky sa z\u00fa\u010dastnili \u017eiaci v\u00fdtvarn\u00e9ho odboru SZU\u0160 BRIOSO. \u017diaci pou\u017eili r\u00f4zne v\u00fdtvarn\u00e9 techniky: plo\u0161n\u00e9 &#8211; kresba, ma\u013eba, grafika a priestorov\u00fd objekt. V\u00fdtvarn\u00e9 pr\u00e1ce boli rozdelen\u00e9 a hodnoten\u00e9 pod\u013ea techniky vyhotovenia a z\u00e1rove\u0148 pod\u013ea vekov\u00fdch kateg\u00f3ri\u00ed. V\u00fdstavu pr\u00e1c n\u00e1jdete &#8230; <a title=\"V\u00fdstava Hrady a z\u00e1mky\" class=\"read-more\" href=\"https:\/\/www.krajskakniznicazilina.sk\/index.php\/2021\/08\/05\/vystava-hrady-a-zamky\/\" aria-label=\"Pre\u010d\u00edtajte si viac o V\u00fdstava Hrady a z\u00e1mky\">\u010c\u00edta\u0165 viac<\/a><\/p>\n","protected":false},"author":1,"featured_media":0,"comment_status":"open","ping_status":"open","sticky":false,"template":"","format":"image","meta":{"footnotes":""},"categories":[15],"tags":[],"class_list":["post-7372","post","type-post","status-publish","format-image","hentry","category-vystava","post_format-post-format-image"],"_links":{"self":[{"href":"https:\/\/www.krajskakniznicazilina.sk\/index.php\/wp-json\/wp\/v2\/posts\/7372","targetHints":{"allow":["GET"]}}],"collection":[{"href":"https:\/\/www.krajskakniznicazilina.sk\/index.php\/wp-json\/wp\/v2\/posts"}],"about":[{"href":"https:\/\/www.krajskakniznicazilina.sk\/index.php\/wp-json\/wp\/v2\/types\/post"}],"author":[{"embeddable":true,"href":"https:\/\/www.krajskakniznicazilina.sk\/index.php\/wp-json\/wp\/v2\/users\/1"}],"replies":[{"embeddable":true,"href":"https:\/\/www.krajskakniznicazilina.sk\/index.php\/wp-json\/wp\/v2\/comments?post=7372"}],"version-history":[{"count":6,"href":"https:\/\/www.krajskakniznicazilina.sk\/index.php\/wp-json\/wp\/v2\/posts\/7372\/revisions"}],"predecessor-version":[{"id":7411,"href":"https:\/\/www.krajskakniznicazilina.sk\/index.php\/wp-json\/wp\/v2\/posts\/7372\/revisions\/7411"}],"wp:attachment":[{"href":"https:\/\/www.krajskakniznicazilina.sk\/index.php\/wp-json\/wp\/v2\/media?parent=7372"}],"wp:term":[{"taxonomy":"category","embeddable":true,"href":"https:\/\/www.krajskakniznicazilina.sk\/index.php\/wp-json\/wp\/v2\/categories?post=7372"},{"taxonomy":"post_tag","embeddable":true,"href":"https:\/\/www.krajskakniznicazilina.sk\/index.php\/wp-json\/wp\/v2\/tags?post=7372"}],"curies":[{"name":"wp","href":"https:\/\/api.w.org\/{rel}","templated":true}]}}