{"id":7387,"date":"2021-08-04T07:33:27","date_gmt":"2021-08-04T05:33:27","guid":{"rendered":"https:\/\/www.krajskakniznicazilina.sk\/?p=7387"},"modified":"2021-08-03T09:35:19","modified_gmt":"2021-08-03T07:35:19","slug":"polnocne-slnko-blog","status":"publish","type":"post","link":"https:\/\/www.krajskakniznicazilina.sk\/index.php\/2021\/08\/04\/polnocne-slnko-blog\/","title":{"rendered":"Polno\u010dn\u00e9 slnko (blog)"},"content":{"rendered":"<div style=\"background-color: #1a2d59; padding: 35px 45px 25px 45px; text-align: justify;\">\n<p><span style=\"color: #ffffff;\"><i><a href=\"https:\/\/kniznicazilina.blogspot.com\/2021\/08\/stephenie-meyer-polnocne-slnko.html\"><img decoding=\"async\" class=\"alignright size-full\" src=\"https:\/\/1.bp.blogspot.com\/-n5bqx7vHzrU\/YQKO-Z7-IHI\/AAAAAAAAGIE\/lsb5USWjXIob_WpIfL6aVditHGF-3-_cQCLcBGAsYHQ\/w142-h200\/polno%25C4%258Dn%25C3%25A9%2Bslnko.jpg\" alt=\"Asimov - Nad\u00e1cia\" width=\"25%\" height=\"25%\" \/><\/a><\/i>\u010coraz \u010dastej\u0161ie sa st\u00e1va, \u017ee autori sa po dlh\u00fdch rokoch liter\u00e1rne vr\u00e1tia k svojim prv\u00fdm \u00faspechom a nap\u00ed\u0161u pokra\u010dovanie. To ist\u00e9 spravila aj\u00a0Stephenie Meyer\u00a0a po viac ako 15 rokoch sa vr\u00e1tila k s\u00e9ri\u00ed\u00a0Twilight. Vydala knihu s n\u00e1zvom\u00a0<b>Polno\u010dn\u00e9 slnko<\/b>\u00a0&#8211; ktor\u00e1 vlastne ani nie je pokra\u010dovan\u00edm s\u00e9rie, ale prerozpr\u00e1van\u00edm prvej knihy Zatmenie, tentokr\u00e1t z poh\u013eadu druhej hlavnej postavy, up\u00edra Edwarda.<br \/>\n<\/span><\/p>\n<p><span style=\"color: #ffffff;\">Viac sa do\u010d\u00edtate na blogu<\/span> <span style=\"color: #ccffff;\"><a style=\"color: #ccffff;\" href=\"https:\/\/kniznicazilina.blogspot.com\/2021\/08\/stephenie-meyer-polnocne-slnko.html\"><strong>Kni\u017enica spoza pultu<\/strong><\/a><strong>.<\/strong><\/span><\/p>\n<\/div>\n","protected":false},"excerpt":{"rendered":"<p>\u010coraz \u010dastej\u0161ie sa st\u00e1va, \u017ee autori sa po dlh\u00fdch rokoch liter\u00e1rne vr\u00e1tia k svojim prv\u00fdm \u00faspechom a nap\u00ed\u0161u pokra\u010dovanie. To ist\u00e9 spravila aj\u00a0Stephenie Meyer\u00a0a po viac ako 15 rokoch sa vr\u00e1tila k s\u00e9ri\u00ed\u00a0Twilight. Vydala knihu s n\u00e1zvom\u00a0Polno\u010dn\u00e9 slnko\u00a0&#8211; ktor\u00e1 vlastne ani nie je pokra\u010dovan\u00edm s\u00e9rie, ale prerozpr\u00e1van\u00edm prvej knihy Zatmenie, tentokr\u00e1t z poh\u013eadu druhej hlavnej &#8230; <a title=\"Polno\u010dn\u00e9 slnko (blog)\" class=\"read-more\" href=\"https:\/\/www.krajskakniznicazilina.sk\/index.php\/2021\/08\/04\/polnocne-slnko-blog\/\" aria-label=\"Pre\u010d\u00edtajte si viac o Polno\u010dn\u00e9 slnko (blog)\">\u010c\u00edta\u0165 viac<\/a><\/p>\n","protected":false},"author":1,"featured_media":0,"comment_status":"open","ping_status":"open","sticky":false,"template":"","format":"image","meta":{"footnotes":""},"categories":[65],"tags":[],"class_list":["post-7387","post","type-post","status-publish","format-image","hentry","category-blog","post_format-post-format-image"],"_links":{"self":[{"href":"https:\/\/www.krajskakniznicazilina.sk\/index.php\/wp-json\/wp\/v2\/posts\/7387","targetHints":{"allow":["GET"]}}],"collection":[{"href":"https:\/\/www.krajskakniznicazilina.sk\/index.php\/wp-json\/wp\/v2\/posts"}],"about":[{"href":"https:\/\/www.krajskakniznicazilina.sk\/index.php\/wp-json\/wp\/v2\/types\/post"}],"author":[{"embeddable":true,"href":"https:\/\/www.krajskakniznicazilina.sk\/index.php\/wp-json\/wp\/v2\/users\/1"}],"replies":[{"embeddable":true,"href":"https:\/\/www.krajskakniznicazilina.sk\/index.php\/wp-json\/wp\/v2\/comments?post=7387"}],"version-history":[{"count":3,"href":"https:\/\/www.krajskakniznicazilina.sk\/index.php\/wp-json\/wp\/v2\/posts\/7387\/revisions"}],"predecessor-version":[{"id":7390,"href":"https:\/\/www.krajskakniznicazilina.sk\/index.php\/wp-json\/wp\/v2\/posts\/7387\/revisions\/7390"}],"wp:attachment":[{"href":"https:\/\/www.krajskakniznicazilina.sk\/index.php\/wp-json\/wp\/v2\/media?parent=7387"}],"wp:term":[{"taxonomy":"category","embeddable":true,"href":"https:\/\/www.krajskakniznicazilina.sk\/index.php\/wp-json\/wp\/v2\/categories?post=7387"},{"taxonomy":"post_tag","embeddable":true,"href":"https:\/\/www.krajskakniznicazilina.sk\/index.php\/wp-json\/wp\/v2\/tags?post=7387"}],"curies":[{"name":"wp","href":"https:\/\/api.w.org\/{rel}","templated":true}]}}