{"id":7433,"date":"2021-08-09T10:28:15","date_gmt":"2021-08-09T08:28:15","guid":{"rendered":"https:\/\/www.krajskakniznicazilina.sk\/?p=7433"},"modified":"2021-08-09T10:28:15","modified_gmt":"2021-08-09T08:28:15","slug":"vzdelanie-zlepsime-zivot-druhych-2","status":"publish","type":"post","link":"https:\/\/www.krajskakniznicazilina.sk\/index.php\/2021\/08\/09\/vzdelanie-zlepsime-zivot-druhych-2\/","title":{"rendered":"Vzdelanie \u2013 zlep\u0161\u00edme \u017eivot druh\u00fdch"},"content":{"rendered":"<p style=\"text-align: justify;\"><a href=\"https:\/\/www.krajskakniznicazilina.sk\/clanky\/2021\/08\/vzdelanie%20zlep%C5%A1%C3%ADme%2017.jpg\"><img decoding=\"async\" class=\"alignright size-full\" src=\"https:\/\/www.krajskakniznicazilina.sk\/clanky\/2021\/08\/vzdelanie%20zlep%C5%A1%C3%ADme%2017.jpg\" width=\"40%\" height=\"40%\" \/><\/a>Ka\u017ed\u00fd druh vzdel\u00e1vania je nevyhnutnou s\u00fa\u010das\u0165ou \u017eivota druh\u00fdch. Zlep\u0161uje ich hodnoty, postavenie v spolo\u010dnosti a celkov\u00e9 zaradenie sa do pracovn\u00e9ho a spolo\u010densk\u00e9ho \u017eivota. Aj vzdel\u00e1vanie v oblasti finan\u010dnej a \u010ditate\u013eskej gramotnosti je d\u00f4le\u017eit\u00e9 a v\u00fdznamn\u00e9 a preto V\u00e1s srde\u010dne poz\u00fdvame na predn\u00e1\u0161ku, ktor\u00e1 sa uskuto\u010dn\u00ed <strong>17. augusta o 14:00<\/strong>\u00a0v Krajskej kni\u017enici v \u017diline. Predn\u00e1\u0161ka bude realizovan\u00e1 v r\u00e1mci projektu Nad\u00e1cie Volkswagen Slovakia.<\/p>\n","protected":false},"excerpt":{"rendered":"<p>Ka\u017ed\u00fd druh vzdel\u00e1vania je nevyhnutnou s\u00fa\u010das\u0165ou \u017eivota druh\u00fdch. Zlep\u0161uje ich hodnoty, postavenie v spolo\u010dnosti a celkov\u00e9 zaradenie sa do pracovn\u00e9ho a spolo\u010densk\u00e9ho \u017eivota. Aj vzdel\u00e1vanie v oblasti finan\u010dnej a \u010ditate\u013eskej gramotnosti je d\u00f4le\u017eit\u00e9 a v\u00fdznamn\u00e9 a preto V\u00e1s srde\u010dne poz\u00fdvame na predn\u00e1\u0161ku, ktor\u00e1 sa uskuto\u010dn\u00ed 17. augusta o 14:00\u00a0v Krajskej kni\u017enici v \u017diline. Predn\u00e1\u0161ka bude &#8230; <a title=\"Vzdelanie \u2013 zlep\u0161\u00edme \u017eivot druh\u00fdch\" class=\"read-more\" href=\"https:\/\/www.krajskakniznicazilina.sk\/index.php\/2021\/08\/09\/vzdelanie-zlepsime-zivot-druhych-2\/\" aria-label=\"Pre\u010d\u00edtajte si viac o Vzdelanie \u2013 zlep\u0161\u00edme \u017eivot druh\u00fdch\">\u010c\u00edta\u0165 viac<\/a><\/p>\n","protected":false},"author":1,"featured_media":0,"comment_status":"open","ping_status":"open","sticky":false,"template":"","format":"image","meta":{"footnotes":""},"categories":[22],"tags":[],"class_list":["post-7433","post","type-post","status-publish","format-image","hentry","category-prednaska","post_format-post-format-image"],"_links":{"self":[{"href":"https:\/\/www.krajskakniznicazilina.sk\/index.php\/wp-json\/wp\/v2\/posts\/7433","targetHints":{"allow":["GET"]}}],"collection":[{"href":"https:\/\/www.krajskakniznicazilina.sk\/index.php\/wp-json\/wp\/v2\/posts"}],"about":[{"href":"https:\/\/www.krajskakniznicazilina.sk\/index.php\/wp-json\/wp\/v2\/types\/post"}],"author":[{"embeddable":true,"href":"https:\/\/www.krajskakniznicazilina.sk\/index.php\/wp-json\/wp\/v2\/users\/1"}],"replies":[{"embeddable":true,"href":"https:\/\/www.krajskakniznicazilina.sk\/index.php\/wp-json\/wp\/v2\/comments?post=7433"}],"version-history":[{"count":1,"href":"https:\/\/www.krajskakniznicazilina.sk\/index.php\/wp-json\/wp\/v2\/posts\/7433\/revisions"}],"predecessor-version":[{"id":7434,"href":"https:\/\/www.krajskakniznicazilina.sk\/index.php\/wp-json\/wp\/v2\/posts\/7433\/revisions\/7434"}],"wp:attachment":[{"href":"https:\/\/www.krajskakniznicazilina.sk\/index.php\/wp-json\/wp\/v2\/media?parent=7433"}],"wp:term":[{"taxonomy":"category","embeddable":true,"href":"https:\/\/www.krajskakniznicazilina.sk\/index.php\/wp-json\/wp\/v2\/categories?post=7433"},{"taxonomy":"post_tag","embeddable":true,"href":"https:\/\/www.krajskakniznicazilina.sk\/index.php\/wp-json\/wp\/v2\/tags?post=7433"}],"curies":[{"name":"wp","href":"https:\/\/api.w.org\/{rel}","templated":true}]}}