{"id":7478,"date":"2021-08-23T08:39:56","date_gmt":"2021-08-23T06:39:56","guid":{"rendered":"https:\/\/www.krajskakniznicazilina.sk\/?p=7478"},"modified":"2021-08-12T12:53:31","modified_gmt":"2021-08-12T10:53:31","slug":"cestovanie-o-piatej","status":"publish","type":"post","link":"https:\/\/www.krajskakniznicazilina.sk\/index.php\/2021\/08\/23\/cestovanie-o-piatej\/","title":{"rendered":"Cestovanie o piatej"},"content":{"rendered":"<p style=\"text-align: justify;\"><a href=\"https:\/\/www.krajskakniznicazilina.sk\/clanky\/2021\/09\/cestovanie%20o%20piatej.jpg\"><img decoding=\"async\" class=\"alignleft size-full\" src=\"https:\/\/www.krajskakniznicazilina.sk\/clanky\/2021\/09\/cestovanie%20o%20piatej.jpg\" width=\"40%\" height=\"40%\" \/><\/a>Len m\u00e1lokto tu\u0161\u00ed, ko\u013eko os\u00e1d, obc\u00ed a miest na Slovensku je pomenovan\u00fdch po zn\u00e1mych aj menej zn\u00e1mych osobnostiach na\u0161ich dej\u00edn. Kam siaha hist\u00f3ria ich mien, kto a pre\u010do ich tak pomenoval? Ak\u00e9 tajomstv\u00e1 ukr\u00fdva <em>Kuku\u010d\u00ednov<\/em>, <em>J\u00e1no\u0161\u00edkovo<\/em>, <em>Koce\u013eovce<\/em>, <em>Sv\u00e4toplukovo<\/em>, <em>Jesensk\u00e9<\/em>, <em>Mojzesovo, \u0160rob\u00e1rov\u00e1<\/em> a\u00a0\u010fal\u0161ie? Vedeli ste, \u017ee sme mali v minulosti dve obce pomenovan\u00e9 pod\u013ea\u00a0 gener\u00e1la \u0160tef\u00e1nika? Ako dnes tieto miesta vyzeraj\u00fa, \u010do skr\u00fdvaj\u00fa a\u00a0ako ich vn\u00edma jeden cestovate\u013e, ktor\u00fd mal to \u0161\u0165astie, \u017ee ich nav\u0161t\u00edvil? Rozpr\u00e1vanie obohaten\u00e9 o\u00a0fotografie, cestovate\u013esk\u00e9 z\u00e1pisky, rozhovory, vide\u00e1 a jedine\u010dn\u00e9\u00a0zauj\u00edmavosti, o\u00a0ktor\u00fdch sa nikde nedo\u010d\u00edtate. Zacestujte si s\u00a0nami raz do mesiaca po jedine\u010dn\u00fdch miestach, preto\u017ee v\u00a0Par\u00ed\u017ei, Berl\u00edne, R\u00edme u\u017e bol dnes kde kto. Ale \u010do tak sk\u00fasi\u0165\u00a0 Hod\u017eovo, Kme\u0165ovce, Mudro\u0148ovo, Boh\u00fa\u0148ovo a mnoh\u00e9\u00a0in\u00e9, aby sme spolo\u010dne poodhalili k\u00fasok zabudnutej slovenskej hist\u00f3rie?<\/p>\n<p style=\"text-align: justify;\">Na prv\u00e9 potulky po Slovensku sa vyd\u00e1te s knihovn\u00edkom Milo\u0161om u\u017e v stredu <strong>29. septembra o 17:00<\/strong> v Krajskej kni\u017enici v \u017diline<\/p>\n","protected":false},"excerpt":{"rendered":"<p>Len m\u00e1lokto tu\u0161\u00ed, ko\u013eko os\u00e1d, obc\u00ed a miest na Slovensku je pomenovan\u00fdch po zn\u00e1mych aj menej zn\u00e1mych osobnostiach na\u0161ich dej\u00edn. Kam siaha hist\u00f3ria ich mien, kto a pre\u010do ich tak pomenoval? Ak\u00e9 tajomstv\u00e1 ukr\u00fdva Kuku\u010d\u00ednov, J\u00e1no\u0161\u00edkovo, Koce\u013eovce, Sv\u00e4toplukovo, Jesensk\u00e9, Mojzesovo, \u0160rob\u00e1rov\u00e1 a\u00a0\u010fal\u0161ie? Vedeli ste, \u017ee sme mali v minulosti dve obce pomenovan\u00e9 pod\u013ea\u00a0 gener\u00e1la \u0160tef\u00e1nika? &#8230; <a title=\"Cestovanie o piatej\" class=\"read-more\" href=\"https:\/\/www.krajskakniznicazilina.sk\/index.php\/2021\/08\/23\/cestovanie-o-piatej\/\" aria-label=\"Pre\u010d\u00edtajte si viac o Cestovanie o piatej\">\u010c\u00edta\u0165 viac<\/a><\/p>\n","protected":false},"author":1,"featured_media":0,"comment_status":"open","ping_status":"open","sticky":false,"template":"","format":"image","meta":{"footnotes":""},"categories":[21,22],"tags":[],"class_list":["post-7478","post","type-post","status-publish","format-image","hentry","category-cestovatelska-beseda","category-prednaska","post_format-post-format-image"],"_links":{"self":[{"href":"https:\/\/www.krajskakniznicazilina.sk\/index.php\/wp-json\/wp\/v2\/posts\/7478","targetHints":{"allow":["GET"]}}],"collection":[{"href":"https:\/\/www.krajskakniznicazilina.sk\/index.php\/wp-json\/wp\/v2\/posts"}],"about":[{"href":"https:\/\/www.krajskakniznicazilina.sk\/index.php\/wp-json\/wp\/v2\/types\/post"}],"author":[{"embeddable":true,"href":"https:\/\/www.krajskakniznicazilina.sk\/index.php\/wp-json\/wp\/v2\/users\/1"}],"replies":[{"embeddable":true,"href":"https:\/\/www.krajskakniznicazilina.sk\/index.php\/wp-json\/wp\/v2\/comments?post=7478"}],"version-history":[{"count":3,"href":"https:\/\/www.krajskakniznicazilina.sk\/index.php\/wp-json\/wp\/v2\/posts\/7478\/revisions"}],"predecessor-version":[{"id":7482,"href":"https:\/\/www.krajskakniznicazilina.sk\/index.php\/wp-json\/wp\/v2\/posts\/7478\/revisions\/7482"}],"wp:attachment":[{"href":"https:\/\/www.krajskakniznicazilina.sk\/index.php\/wp-json\/wp\/v2\/media?parent=7478"}],"wp:term":[{"taxonomy":"category","embeddable":true,"href":"https:\/\/www.krajskakniznicazilina.sk\/index.php\/wp-json\/wp\/v2\/categories?post=7478"},{"taxonomy":"post_tag","embeddable":true,"href":"https:\/\/www.krajskakniznicazilina.sk\/index.php\/wp-json\/wp\/v2\/tags?post=7478"}],"curies":[{"name":"wp","href":"https:\/\/api.w.org\/{rel}","templated":true}]}}