{"id":7507,"date":"2021-08-20T08:10:12","date_gmt":"2021-08-20T06:10:12","guid":{"rendered":"https:\/\/www.krajskakniznicazilina.sk\/?p=7507"},"modified":"2021-08-12T13:14:42","modified_gmt":"2021-08-12T11:14:42","slug":"kreativne-workshopy-machove-obrazy","status":"publish","type":"post","link":"https:\/\/www.krajskakniznicazilina.sk\/index.php\/2021\/08\/20\/kreativne-workshopy-machove-obrazy\/","title":{"rendered":"Kreat\u00edvne workshopy &#8211; machov\u00e9 obrazy"},"content":{"rendered":"<p style=\"text-align: justify;\"><a href=\"https:\/\/www.krajskakniznicazilina.sk\/clanky\/2021\/09\/mach%20-%20work.jpg\"><img decoding=\"async\" class=\"alignright size-full\" src=\"https:\/\/www.krajskakniznicazilina.sk\/clanky\/2021\/09\/mach%20-%20work.jpg\" alt=\"Machov\u00e9 obrazy - workshop\" width=\"40%\" height=\"40%\" \/><\/a>Kreat\u00edvne workshopy Daniely Zimmerovej &#8211; v\u00fdroba machov\u00fdch obrazov a machov\u00fdch dekor\u00e1ci\u00ed<\/p>\n<ul>\n<li style=\"text-align: justify;\">ka\u017ed\u00fa <strong>druh\u00fa sobotu v mesiaci o 10:00<\/strong>, workshopy trvaj\u00fa 2 hodiny,<\/li>\n<li style=\"text-align: justify;\">workshopy s\u00fa platen\u00e9, cena 70 \u20ac,<\/li>\n<li style=\"text-align: justify;\">v cene je v\u0161etok materi\u00e1l na v\u00fdrobu, r\u00e1m alebo podnos, inform\u00e1cie o machoch a pr\u00e1ca s nimi, k\u00e1va a pitn\u00fd re\u017eim,<\/li>\n<li style=\"text-align: justify;\">na workshop sa prihl\u00e1ste na t.\u010d. : 0903 614 589 alebo cez e-mail: <a href=\"mailto:zimmerova@perida.sk\">zimmerova@perida.sk<\/a>,<\/li>\n<li style=\"text-align: justify;\">pri nedostato\u010dnom po\u0161te nahl\u00e1sen\u00fdch sa workshop kona\u0165 nebude.<\/li>\n<\/ul>\n","protected":false},"excerpt":{"rendered":"<p>Kreat\u00edvne workshopy Daniely Zimmerovej &#8211; v\u00fdroba machov\u00fdch obrazov a machov\u00fdch dekor\u00e1ci\u00ed ka\u017ed\u00fa druh\u00fa sobotu v mesiaci o 10:00, workshopy trvaj\u00fa 2 hodiny, workshopy s\u00fa platen\u00e9, cena 70 \u20ac, v cene je v\u0161etok materi\u00e1l na v\u00fdrobu, r\u00e1m alebo podnos, inform\u00e1cie o machoch a pr\u00e1ca s nimi, k\u00e1va a pitn\u00fd re\u017eim, na workshop sa prihl\u00e1ste na t.\u010d. &#8230; <a title=\"Kreat\u00edvne workshopy &#8211; machov\u00e9 obrazy\" class=\"read-more\" href=\"https:\/\/www.krajskakniznicazilina.sk\/index.php\/2021\/08\/20\/kreativne-workshopy-machove-obrazy\/\" aria-label=\"Pre\u010d\u00edtajte si viac o Kreat\u00edvne workshopy &#8211; machov\u00e9 obrazy\">\u010c\u00edta\u0165 viac<\/a><\/p>\n","protected":false},"author":1,"featured_media":0,"comment_status":"open","ping_status":"open","sticky":false,"template":"","format":"image","meta":{"footnotes":""},"categories":[20],"tags":[],"class_list":["post-7507","post","type-post","status-publish","format-image","hentry","category-workshop","post_format-post-format-image"],"_links":{"self":[{"href":"https:\/\/www.krajskakniznicazilina.sk\/index.php\/wp-json\/wp\/v2\/posts\/7507","targetHints":{"allow":["GET"]}}],"collection":[{"href":"https:\/\/www.krajskakniznicazilina.sk\/index.php\/wp-json\/wp\/v2\/posts"}],"about":[{"href":"https:\/\/www.krajskakniznicazilina.sk\/index.php\/wp-json\/wp\/v2\/types\/post"}],"author":[{"embeddable":true,"href":"https:\/\/www.krajskakniznicazilina.sk\/index.php\/wp-json\/wp\/v2\/users\/1"}],"replies":[{"embeddable":true,"href":"https:\/\/www.krajskakniznicazilina.sk\/index.php\/wp-json\/wp\/v2\/comments?post=7507"}],"version-history":[{"count":2,"href":"https:\/\/www.krajskakniznicazilina.sk\/index.php\/wp-json\/wp\/v2\/posts\/7507\/revisions"}],"predecessor-version":[{"id":7509,"href":"https:\/\/www.krajskakniznicazilina.sk\/index.php\/wp-json\/wp\/v2\/posts\/7507\/revisions\/7509"}],"wp:attachment":[{"href":"https:\/\/www.krajskakniznicazilina.sk\/index.php\/wp-json\/wp\/v2\/media?parent=7507"}],"wp:term":[{"taxonomy":"category","embeddable":true,"href":"https:\/\/www.krajskakniznicazilina.sk\/index.php\/wp-json\/wp\/v2\/categories?post=7507"},{"taxonomy":"post_tag","embeddable":true,"href":"https:\/\/www.krajskakniznicazilina.sk\/index.php\/wp-json\/wp\/v2\/tags?post=7507"}],"curies":[{"name":"wp","href":"https:\/\/api.w.org\/{rel}","templated":true}]}}