{"id":7625,"date":"2021-09-22T12:56:57","date_gmt":"2021-09-22T10:56:57","guid":{"rendered":"https:\/\/www.krajskakniznicazilina.sk\/?p=7625"},"modified":"2021-09-22T12:56:57","modified_gmt":"2021-09-22T10:56:57","slug":"cesta-knihy","status":"publish","type":"post","link":"https:\/\/www.krajskakniznicazilina.sk\/index.php\/2021\/09\/22\/cesta-knihy\/","title":{"rendered":"Cesta knihy"},"content":{"rendered":"<p style=\"text-align: justify;\">Pre\u010do to tak dlho trv\u00e1 k\u00fdm sa kni\u017en\u00e1 novinka dostane do fondu na vypo\u017ei\u010danie? \u010eal\u0161ie video z cyklu: P\u00fdtali ste sa, vysvet\u013eujeme.<\/p>\n<p style=\"text-align: justify;\">\n<iframe loading=\"lazy\" title=\"YouTube video player\" src=\"https:\/\/www.youtube.com\/embed\/xgjIjPlJJSY\" width=\"560\" height=\"315\" frameborder=\"0\" allowfullscreen=\"allowfullscreen\"><\/iframe><\/p>\n","protected":false},"excerpt":{"rendered":"<p>Pre\u010do to tak dlho trv\u00e1 k\u00fdm sa kni\u017en\u00e1 novinka dostane do fondu na vypo\u017ei\u010danie? \u010eal\u0161ie video z cyklu: P\u00fdtali ste sa, vysvet\u013eujeme.<\/p>\n","protected":false},"author":1,"featured_media":0,"comment_status":"open","ping_status":"open","sticky":false,"template":"","format":"video","meta":{"footnotes":""},"categories":[44],"tags":[],"class_list":["post-7625","post","type-post","status-publish","format-video","hentry","category-video","post_format-post-format-video"],"_links":{"self":[{"href":"https:\/\/www.krajskakniznicazilina.sk\/index.php\/wp-json\/wp\/v2\/posts\/7625","targetHints":{"allow":["GET"]}}],"collection":[{"href":"https:\/\/www.krajskakniznicazilina.sk\/index.php\/wp-json\/wp\/v2\/posts"}],"about":[{"href":"https:\/\/www.krajskakniznicazilina.sk\/index.php\/wp-json\/wp\/v2\/types\/post"}],"author":[{"embeddable":true,"href":"https:\/\/www.krajskakniznicazilina.sk\/index.php\/wp-json\/wp\/v2\/users\/1"}],"replies":[{"embeddable":true,"href":"https:\/\/www.krajskakniznicazilina.sk\/index.php\/wp-json\/wp\/v2\/comments?post=7625"}],"version-history":[{"count":2,"href":"https:\/\/www.krajskakniznicazilina.sk\/index.php\/wp-json\/wp\/v2\/posts\/7625\/revisions"}],"predecessor-version":[{"id":7627,"href":"https:\/\/www.krajskakniznicazilina.sk\/index.php\/wp-json\/wp\/v2\/posts\/7625\/revisions\/7627"}],"wp:attachment":[{"href":"https:\/\/www.krajskakniznicazilina.sk\/index.php\/wp-json\/wp\/v2\/media?parent=7625"}],"wp:term":[{"taxonomy":"category","embeddable":true,"href":"https:\/\/www.krajskakniznicazilina.sk\/index.php\/wp-json\/wp\/v2\/categories?post=7625"},{"taxonomy":"post_tag","embeddable":true,"href":"https:\/\/www.krajskakniznicazilina.sk\/index.php\/wp-json\/wp\/v2\/tags?post=7625"}],"curies":[{"name":"wp","href":"https:\/\/api.w.org\/{rel}","templated":true}]}}