{"id":7633,"date":"2021-09-22T18:15:12","date_gmt":"2021-09-22T16:15:12","guid":{"rendered":"https:\/\/www.krajskakniznicazilina.sk\/?p=7633"},"modified":"2021-09-22T18:15:30","modified_gmt":"2021-09-22T16:15:30","slug":"zmena-programu-vystupu-na-rozsutec","status":"publish","type":"post","link":"https:\/\/www.krajskakniznicazilina.sk\/index.php\/2021\/09\/22\/zmena-programu-vystupu-na-rozsutec\/","title":{"rendered":"Zmena programu v\u00fdstupu na Rozsutec"},"content":{"rendered":"<p style=\"text-align: justify;\"><img decoding=\"async\" class=\"alignleft size-full\" src=\"https:\/\/www.krajskakniznicazilina.sk\/clanky\/2021\/09\/Rozsutec%20pozv%C3%A1nka.jpg\" width=\"40%\" height=\"40%\" \/><strong>9. pam\u00e4tn\u00fd v\u00fdstup na Ve\u013ek\u00fd Rozsutec na po\u010des\u0165 sv\u00e4t\u00e9ho J\u00e1na Pavla II.<\/strong><\/p>\n<p style=\"text-align: justify;\">Z\u00a0d\u00f4vodu zhor\u0161en\u00fdch epidemiologick\u00fdch podmienok nastala <strong>zmena programu<\/strong>:<\/p>\n<p style=\"text-align: justify;\">Odchod \u0161peci\u00e1lnym autobusom o 6:45 z autobusovej stanice sa ru\u0161\u00ed.\u00a0<strong>Z\u00e1ujemci sa m\u00f4\u017eu do Terchovej prepravi\u0165 individu\u00e1lne<\/strong>. Odpor\u00fa\u010dan\u00fd spoj SAD \u017dilina \u2013 Terchov\u00e1 o 6:15. Stretnutie \u00fa\u010dastn\u00edkov o 7:30 na Sv. om\u0161i v kostole Sv. Cyrila a Metoda v Terchovej, resp. o 8:15. v \u0160tefanovej. N\u00e1vrat zo \u0160tefanovej do \u017diliny individu\u00e1lne. Odpor\u00fa\u010dan\u00fd spoj SAD:\u00a0 Terchov\u00e1-\u0160tefanov\u00e1-\u017dilina o 16:51.<\/p>\n<p style=\"text-align: justify;\">Organiz\u00e1tori sa ospravedl\u0148uj\u00fa za zmenu v\u00a0programe.<\/p>\n","protected":false},"excerpt":{"rendered":"<p>9. pam\u00e4tn\u00fd v\u00fdstup na Ve\u013ek\u00fd Rozsutec na po\u010des\u0165 sv\u00e4t\u00e9ho J\u00e1na Pavla II. Z\u00a0d\u00f4vodu zhor\u0161en\u00fdch epidemiologick\u00fdch podmienok nastala zmena programu: Odchod \u0161peci\u00e1lnym autobusom o 6:45 z autobusovej stanice sa ru\u0161\u00ed.\u00a0Z\u00e1ujemci sa m\u00f4\u017eu do Terchovej prepravi\u0165 individu\u00e1lne. Odpor\u00fa\u010dan\u00fd spoj SAD \u017dilina \u2013 Terchov\u00e1 o 6:15. Stretnutie \u00fa\u010dastn\u00edkov o 7:30 na Sv. om\u0161i v kostole Sv. Cyrila a &#8230; <a title=\"Zmena programu v\u00fdstupu na Rozsutec\" class=\"read-more\" href=\"https:\/\/www.krajskakniznicazilina.sk\/index.php\/2021\/09\/22\/zmena-programu-vystupu-na-rozsutec\/\" aria-label=\"Pre\u010d\u00edtajte si viac o Zmena programu v\u00fdstupu na Rozsutec\">\u010c\u00edta\u0165 viac<\/a><\/p>\n","protected":false},"author":1,"featured_media":0,"comment_status":"open","ping_status":"open","sticky":false,"template":"","format":"image","meta":{"footnotes":""},"categories":[1],"tags":[],"class_list":["post-7633","post","type-post","status-publish","format-image","hentry","category-oznam","post_format-post-format-image"],"_links":{"self":[{"href":"https:\/\/www.krajskakniznicazilina.sk\/index.php\/wp-json\/wp\/v2\/posts\/7633","targetHints":{"allow":["GET"]}}],"collection":[{"href":"https:\/\/www.krajskakniznicazilina.sk\/index.php\/wp-json\/wp\/v2\/posts"}],"about":[{"href":"https:\/\/www.krajskakniznicazilina.sk\/index.php\/wp-json\/wp\/v2\/types\/post"}],"author":[{"embeddable":true,"href":"https:\/\/www.krajskakniznicazilina.sk\/index.php\/wp-json\/wp\/v2\/users\/1"}],"replies":[{"embeddable":true,"href":"https:\/\/www.krajskakniznicazilina.sk\/index.php\/wp-json\/wp\/v2\/comments?post=7633"}],"version-history":[{"count":2,"href":"https:\/\/www.krajskakniznicazilina.sk\/index.php\/wp-json\/wp\/v2\/posts\/7633\/revisions"}],"predecessor-version":[{"id":7635,"href":"https:\/\/www.krajskakniznicazilina.sk\/index.php\/wp-json\/wp\/v2\/posts\/7633\/revisions\/7635"}],"wp:attachment":[{"href":"https:\/\/www.krajskakniznicazilina.sk\/index.php\/wp-json\/wp\/v2\/media?parent=7633"}],"wp:term":[{"taxonomy":"category","embeddable":true,"href":"https:\/\/www.krajskakniznicazilina.sk\/index.php\/wp-json\/wp\/v2\/categories?post=7633"},{"taxonomy":"post_tag","embeddable":true,"href":"https:\/\/www.krajskakniznicazilina.sk\/index.php\/wp-json\/wp\/v2\/tags?post=7633"}],"curies":[{"name":"wp","href":"https:\/\/api.w.org\/{rel}","templated":true}]}}