{"id":7647,"date":"2021-09-24T16:02:28","date_gmt":"2021-09-24T14:02:28","guid":{"rendered":"https:\/\/www.krajskakniznicazilina.sk\/?p=7647"},"modified":"2021-09-24T16:02:28","modified_gmt":"2021-09-24T14:02:28","slug":"burza-knih-v-kniznici-3","status":"publish","type":"post","link":"https:\/\/www.krajskakniznicazilina.sk\/index.php\/2021\/09\/24\/burza-knih-v-kniznici-3\/","title":{"rendered":"Burza kn\u00edh v\u00a0kni\u017enici"},"content":{"rendered":"<p style=\"text-align: justify;\"><a href=\"https:\/\/www.krajskakniznicazilina.sk\/clanky\/2021\/09\/burza%20kn%C3%ADh.jpg\"><img decoding=\"async\" class=\"alignright size-full\" src=\"https:\/\/www.krajskakniznicazilina.sk\/clanky\/2021\/09\/burza%20kn%C3%ADh.jpg\" width=\"40%\" height=\"40%\" \/><\/a>Op\u00e4\u0165 sa priv\u00edtame z\u00e1ujemcov ob\u013e\u00fabenej \u201eBurzy kn\u00edh\u201c. Sta\u010d\u00ed, ak pr\u00eddete so svojimi knihami a m\u00f4\u017eete ich pon\u00faknu\u0165 na predaj in\u00fdm knihomo\u013eom, ktor\u00ed bud\u00fa v ten de\u0148 v kni\u017enici. Cenu za svoje knihy si ur\u010d\u00edte vy, my v\u00e1m pon\u00fakame pr\u00edle\u017eitos\u0165 a priestor. V r\u00e1mci Burzy kn\u00edh bud\u00fa na predaj aj vyraden\u00e9 kni\u017en\u00e9 tituly z na\u0161ej kni\u017enice. Najbli\u017e\u0161ie sa na V\u00e1s te\u0161\u00edme v sobotu <strong>2. okt\u00f3bra 2021 od 9:00<\/strong> do 13:00.<\/p>\n","protected":false},"excerpt":{"rendered":"<p>Op\u00e4\u0165 sa priv\u00edtame z\u00e1ujemcov ob\u013e\u00fabenej \u201eBurzy kn\u00edh\u201c. Sta\u010d\u00ed, ak pr\u00eddete so svojimi knihami a m\u00f4\u017eete ich pon\u00faknu\u0165 na predaj in\u00fdm knihomo\u013eom, ktor\u00ed bud\u00fa v ten de\u0148 v kni\u017enici. Cenu za svoje knihy si ur\u010d\u00edte vy, my v\u00e1m pon\u00fakame pr\u00edle\u017eitos\u0165 a priestor. V r\u00e1mci Burzy kn\u00edh bud\u00fa na predaj aj vyraden\u00e9 kni\u017en\u00e9 tituly z na\u0161ej kni\u017enice. &#8230; <a title=\"Burza kn\u00edh v\u00a0kni\u017enici\" class=\"read-more\" href=\"https:\/\/www.krajskakniznicazilina.sk\/index.php\/2021\/09\/24\/burza-knih-v-kniznici-3\/\" aria-label=\"Pre\u010d\u00edtajte si viac o Burza kn\u00edh v\u00a0kni\u017enici\">\u010c\u00edta\u0165 viac<\/a><\/p>\n","protected":false},"author":1,"featured_media":0,"comment_status":"open","ping_status":"open","sticky":false,"template":"","format":"image","meta":{"footnotes":""},"categories":[48],"tags":[],"class_list":["post-7647","post","type-post","status-publish","format-image","hentry","category-burza-knih","post_format-post-format-image"],"_links":{"self":[{"href":"https:\/\/www.krajskakniznicazilina.sk\/index.php\/wp-json\/wp\/v2\/posts\/7647","targetHints":{"allow":["GET"]}}],"collection":[{"href":"https:\/\/www.krajskakniznicazilina.sk\/index.php\/wp-json\/wp\/v2\/posts"}],"about":[{"href":"https:\/\/www.krajskakniznicazilina.sk\/index.php\/wp-json\/wp\/v2\/types\/post"}],"author":[{"embeddable":true,"href":"https:\/\/www.krajskakniznicazilina.sk\/index.php\/wp-json\/wp\/v2\/users\/1"}],"replies":[{"embeddable":true,"href":"https:\/\/www.krajskakniznicazilina.sk\/index.php\/wp-json\/wp\/v2\/comments?post=7647"}],"version-history":[{"count":2,"href":"https:\/\/www.krajskakniznicazilina.sk\/index.php\/wp-json\/wp\/v2\/posts\/7647\/revisions"}],"predecessor-version":[{"id":7658,"href":"https:\/\/www.krajskakniznicazilina.sk\/index.php\/wp-json\/wp\/v2\/posts\/7647\/revisions\/7658"}],"wp:attachment":[{"href":"https:\/\/www.krajskakniznicazilina.sk\/index.php\/wp-json\/wp\/v2\/media?parent=7647"}],"wp:term":[{"taxonomy":"category","embeddable":true,"href":"https:\/\/www.krajskakniznicazilina.sk\/index.php\/wp-json\/wp\/v2\/categories?post=7647"},{"taxonomy":"post_tag","embeddable":true,"href":"https:\/\/www.krajskakniznicazilina.sk\/index.php\/wp-json\/wp\/v2\/tags?post=7647"}],"curies":[{"name":"wp","href":"https:\/\/api.w.org\/{rel}","templated":true}]}}