{"id":7810,"date":"2021-10-20T12:26:35","date_gmt":"2021-10-20T10:26:35","guid":{"rendered":"https:\/\/www.krajskakniznicazilina.sk\/?p=7810"},"modified":"2021-10-20T12:26:35","modified_gmt":"2021-10-20T10:26:35","slug":"spoza-pultu-s-goranom-poeziou-a-rilkem-podcast","status":"publish","type":"post","link":"https:\/\/www.krajskakniznicazilina.sk\/index.php\/2021\/10\/20\/spoza-pultu-s-goranom-poeziou-a-rilkem-podcast\/","title":{"rendered":"Spoza pultu s Goranom, po\u00e9ziou a Rilkem (podcast)"},"content":{"rendered":"<p style=\"text-align: justify;\"><img decoding=\"async\" class=\"alignleft size-full\" src=\"https:\/\/www.krajskakniznicazilina.sk\/menu\/okniz\/knihovnici\/goran.JPG\" alt=\"Goran ako spisovate\u013e Andersen\" width=\"20%\" height=\"20%\" \/>Aj v podcastovom vysielan\u00ed predstavujeme na\u0161ich knihovn\u00edkov. Dnes sa rozpr\u00e1vame s Goranom.<\/p>\n<h3 style=\"text-align: justify;\">Rozhovor s n\u00edm si m\u00f4\u017eete vypo\u010du\u0165 na <a href=\"https:\/\/open.spotify.com\/episode\/2EE8aYV4wxMKqtktXiUDG9\"><strong>Spotify<\/strong><\/a> alebo cez <a href=\"https:\/\/anchor.fm\/krajsk-kninica-v-iline\"><strong>Anchor<\/strong><\/a>.<\/h3>\n","protected":false},"excerpt":{"rendered":"<p>Aj v podcastovom vysielan\u00ed predstavujeme na\u0161ich knihovn\u00edkov. Dnes sa rozpr\u00e1vame s Goranom. Rozhovor s n\u00edm si m\u00f4\u017eete vypo\u010du\u0165 na Spotify alebo cez Anchor.<\/p>\n","protected":false},"author":1,"featured_media":0,"comment_status":"open","ping_status":"open","sticky":false,"template":"","format":"image","meta":{"footnotes":""},"categories":[67],"tags":[],"class_list":["post-7810","post","type-post","status-publish","format-image","hentry","category-podcast","post_format-post-format-image"],"_links":{"self":[{"href":"https:\/\/www.krajskakniznicazilina.sk\/index.php\/wp-json\/wp\/v2\/posts\/7810","targetHints":{"allow":["GET"]}}],"collection":[{"href":"https:\/\/www.krajskakniznicazilina.sk\/index.php\/wp-json\/wp\/v2\/posts"}],"about":[{"href":"https:\/\/www.krajskakniznicazilina.sk\/index.php\/wp-json\/wp\/v2\/types\/post"}],"author":[{"embeddable":true,"href":"https:\/\/www.krajskakniznicazilina.sk\/index.php\/wp-json\/wp\/v2\/users\/1"}],"replies":[{"embeddable":true,"href":"https:\/\/www.krajskakniznicazilina.sk\/index.php\/wp-json\/wp\/v2\/comments?post=7810"}],"version-history":[{"count":5,"href":"https:\/\/www.krajskakniznicazilina.sk\/index.php\/wp-json\/wp\/v2\/posts\/7810\/revisions"}],"predecessor-version":[{"id":7815,"href":"https:\/\/www.krajskakniznicazilina.sk\/index.php\/wp-json\/wp\/v2\/posts\/7810\/revisions\/7815"}],"wp:attachment":[{"href":"https:\/\/www.krajskakniznicazilina.sk\/index.php\/wp-json\/wp\/v2\/media?parent=7810"}],"wp:term":[{"taxonomy":"category","embeddable":true,"href":"https:\/\/www.krajskakniznicazilina.sk\/index.php\/wp-json\/wp\/v2\/categories?post=7810"},{"taxonomy":"post_tag","embeddable":true,"href":"https:\/\/www.krajskakniznicazilina.sk\/index.php\/wp-json\/wp\/v2\/tags?post=7810"}],"curies":[{"name":"wp","href":"https:\/\/api.w.org\/{rel}","templated":true}]}}