{"id":7897,"date":"2021-10-19T14:56:19","date_gmt":"2021-10-19T12:56:19","guid":{"rendered":"https:\/\/www.krajskakniznicazilina.sk\/?p=7897"},"modified":"2021-10-28T12:02:51","modified_gmt":"2021-10-28T10:02:51","slug":"noc-s-andersenom-2021-2","status":"publish","type":"post","link":"https:\/\/www.krajskakniznicazilina.sk\/index.php\/2021\/10\/19\/noc-s-andersenom-2021-2\/","title":{"rendered":"Noc s Andersenom 2021"},"content":{"rendered":"<p style=\"text-align: justify;\"><a href=\"https:\/\/www.krajskakniznicazilina.sk\/clanky\/2021\/10\/andersen%20(3)_R.jpg\"><img decoding=\"async\" class=\"alignleft size-full\" src=\"https:\/\/www.krajskakniznicazilina.sk\/clanky\/2021\/10\/andersen%20(3)_R.jpg\" alt=\"Noc s Andersenom 2021\" width=\"40%\" height=\"40%\" \/><\/a>Ka\u017edoro\u010dne na za\u010diatku apr\u00edla si deti pripom\u00ednaj\u00fa narodenie d\u00e1nskeho rozpr\u00e1vkara Hansa Christiana Andersena. Podujatie po prv\u00fdkr\u00e1t zorganizovali v\u00a0\u010ceskej republike v\u00a0Uherskom Hradi\u0161ti v\u00a0roku 2000, kedy v\u00a0kni\u017enici prespalo prv\u00fdch 20 det\u00ed.\u00a0 Krajsk\u00e1 kni\u017enica v \u017diline sa pripojila v\u00a0roku 2003. Trad\u00edciou po\u010das Noci s\u00a0Andersenom v\u00a0kni\u017enici bolo nielen \u010d\u00edtanie, hry a\u00a0z\u00e1bava, ale aj zasadenie Andersenovho strom\u010deka, ktor\u00fd st\u00e1le rastie v\u00a0Liter\u00e1rnom parku za kni\u017enicou.<!--more--><\/p>\n<p style=\"text-align: justify;\">\u201ePodujatie k noci s Andersenom bolo \u00fa\u017easn\u00e9 a op\u00e4\u0165 chceme k v\u00e1m pr\u00eds\u0165\u201c, to boli mil\u00e9 slov\u00e1 pani u\u010dite\u013eky, ktor\u00e9 n\u00e1s len uistili v tom, \u017ee na\u0161a pr\u00e1ca m\u00e1 v\u00fdznam. Krajsk\u00e1 kni\u017enica v\u00a0\u017diline 14. okt\u00f3bra 2021 pripomenula de\u0165om magick\u00fa Noc s\u00a0Andersenom netradi\u010dne, v\u00a0dopolud\u0148aj\u0161\u00edch hodin\u00e1ch, preto\u017ee z\u00a0d\u00f4vodu karant\u00e9nnych opatren\u00ed nebolo mo\u017en\u00e9 \u00a0realizova\u0165 ka\u017edoro\u010dn\u00fa &#8222;nocova\u010dku&#8220; v\u00a0kni\u017enici. Knihovn\u00edci chceli na po\u010des\u0165 najv\u00fdznamnej\u0161ieho rozpr\u00e1vkara usporiada\u0165 aspo\u0148 mal\u00e9 podujatie, na ktorom by jeho \u017eivot i tvorbu pribl\u00ed\u017eili \u010fal\u0161ej gener\u00e1cii det\u00ed. Deti obozn\u00e1mili i s menej zn\u00e1mymi umeleck\u00fdmi \u010dinnos\u0165ami, ktor\u00fdm sa Hans Christian Andersen venoval, ako tanec, spev, \u010di vystrihovanie z papiera. Chceli takto podpori\u0165 tvorivos\u0165 u \u017eiakov z\u00e1kladn\u00fdch \u0161k\u00f4l a uk\u00e1za\u0165 im, ako m\u00f4\u017eu zmysluplne a kreat\u00edvne tr\u00e1vi\u0165 svoj vo\u013en\u00fd \u010das. Ke\u010f\u017ee tohtoro\u010dnou t\u00e9mou bolo 80. v\u00fdro\u010die\u00a0 hlavolamu, in\u0161pirovali sa knihou Jaroslava Foglara Z\u00e1hada hlavolamu a predstavili de\u0165om najzn\u00e1mej\u0161ie a najob\u013e\u00fabenej\u0161ie hlavolamy. \u017diaci sa dozvedeli nie\u010do aj o b\u00e1jkach, ke\u010f\u017ee chceli vedie\u0165 viac o tomto zauj\u00edmavom liter\u00e1rnom \u017e\u00e1nre, ktor\u00fd pr\u00e1ve preberaj\u00fa v \u0161kole. Pre\u010d\u00edtali im niektor\u00e9 uk\u00e1\u017eky a hravou formou vysvetlili, \u010do je personifik\u00e1cia a ak\u00fa \u00falohu v trad\u00edcii literat\u00fary zohr\u00e1vaj\u00fa zvieracie postavy a zvierac\u00ed hrdinovia.<\/p>\n<p style=\"text-align: justify;\">V piatok 15. okt\u00f3bra vo ve\u010dern\u00fdch hodin\u00e1ch v\u0161etk\u00fdch \u201ep\u00e1n Andersen\u201c pozdravil aj prostredn\u00edctvom \u00a0soci\u00e1lnych siet\u00ed pre\u010d\u00edtan\u00edm \u00faryvku o\u00a0babkin\u00fdch okuliaroch a uk\u00e1zal nieko\u013eko hlavolamov. Nakoniec deti vyzval, aby poslali hocijak\u00fd hlavolam, ktor\u00fd sa im podaril vyrie\u0161i\u0165, bu\u010f prostredn\u00edctvom kr\u00e1tkeho videa alebo fotografie. Traja najr\u00fdchlej\u0161\u00ed a\u00a0prv\u00ed odosielatelia boli odmenen\u00ed.<\/p>\n<p style=\"text-align: justify;\">A\u00a0ak\u00e1 bude Noc s\u00a0Andersenom v roku 2022? Ver\u00edme, \u017ee skuto\u010dn\u00e1 rozpr\u00e1vkov\u00e1 noc v\u00a0kni\u017enici.<\/p>\n<p style=\"text-align: justify;\"><strong>Mgr. Jana Neslu\u0161anov\u00e1<\/strong>, koordin\u00e1torka\u00a0 kult\u00farno-v\u00fdchovnej \u010dinnosti<\/p>\n","protected":false},"excerpt":{"rendered":"<p>Ka\u017edoro\u010dne na za\u010diatku apr\u00edla si deti pripom\u00ednaj\u00fa narodenie d\u00e1nskeho rozpr\u00e1vkara Hansa Christiana Andersena. Podujatie po prv\u00fdkr\u00e1t zorganizovali v\u00a0\u010ceskej republike v\u00a0Uherskom Hradi\u0161ti v\u00a0roku 2000, kedy v\u00a0kni\u017enici prespalo prv\u00fdch 20 det\u00ed.\u00a0 Krajsk\u00e1 kni\u017enica v \u017diline sa pripojila v\u00a0roku 2003. Trad\u00edciou po\u010das Noci s\u00a0Andersenom v\u00a0kni\u017enici bolo nielen \u010d\u00edtanie, hry a\u00a0z\u00e1bava, ale aj zasadenie Andersenovho strom\u010deka, ktor\u00fd st\u00e1le rastie &#8230; <a title=\"Noc s Andersenom 2021\" class=\"read-more\" href=\"https:\/\/www.krajskakniznicazilina.sk\/index.php\/2021\/10\/19\/noc-s-andersenom-2021-2\/\" aria-label=\"Pre\u010d\u00edtajte si viac o Noc s Andersenom 2021\">\u010c\u00edta\u0165 viac<\/a><\/p>\n","protected":false},"author":1,"featured_media":0,"comment_status":"open","ping_status":"open","sticky":false,"template":"","format":"image","meta":{"footnotes":""},"categories":[12,19],"tags":[],"class_list":["post-7897","post","type-post","status-publish","format-image","hentry","category-podujatie","category-tlacova-sprava","post_format-post-format-image"],"_links":{"self":[{"href":"https:\/\/www.krajskakniznicazilina.sk\/index.php\/wp-json\/wp\/v2\/posts\/7897","targetHints":{"allow":["GET"]}}],"collection":[{"href":"https:\/\/www.krajskakniznicazilina.sk\/index.php\/wp-json\/wp\/v2\/posts"}],"about":[{"href":"https:\/\/www.krajskakniznicazilina.sk\/index.php\/wp-json\/wp\/v2\/types\/post"}],"author":[{"embeddable":true,"href":"https:\/\/www.krajskakniznicazilina.sk\/index.php\/wp-json\/wp\/v2\/users\/1"}],"replies":[{"embeddable":true,"href":"https:\/\/www.krajskakniznicazilina.sk\/index.php\/wp-json\/wp\/v2\/comments?post=7897"}],"version-history":[{"count":2,"href":"https:\/\/www.krajskakniznicazilina.sk\/index.php\/wp-json\/wp\/v2\/posts\/7897\/revisions"}],"predecessor-version":[{"id":7899,"href":"https:\/\/www.krajskakniznicazilina.sk\/index.php\/wp-json\/wp\/v2\/posts\/7897\/revisions\/7899"}],"wp:attachment":[{"href":"https:\/\/www.krajskakniznicazilina.sk\/index.php\/wp-json\/wp\/v2\/media?parent=7897"}],"wp:term":[{"taxonomy":"category","embeddable":true,"href":"https:\/\/www.krajskakniznicazilina.sk\/index.php\/wp-json\/wp\/v2\/categories?post=7897"},{"taxonomy":"post_tag","embeddable":true,"href":"https:\/\/www.krajskakniznicazilina.sk\/index.php\/wp-json\/wp\/v2\/tags?post=7897"}],"curies":[{"name":"wp","href":"https:\/\/api.w.org\/{rel}","templated":true}]}}