{"id":7917,"date":"2021-11-26T07:32:27","date_gmt":"2021-11-26T06:32:27","guid":{"rendered":"https:\/\/www.krajskakniznicazilina.sk\/?p=7917"},"modified":"2021-11-19T14:43:01","modified_gmt":"2021-11-19T13:43:01","slug":"zima-s-knihou-detska-citatelska-vyzva","status":"publish","type":"post","link":"https:\/\/www.krajskakniznicazilina.sk\/index.php\/2021\/11\/26\/zima-s-knihou-detska-citatelska-vyzva\/","title":{"rendered":"Zima s\u00a0knihou (detsk\u00e1 \u010ditate\u013esk\u00e1 v\u00fdzva)"},"content":{"rendered":"<p style=\"text-align: justify;\"><a href=\"https:\/\/www.krajskakniznicazilina.sk\/clanky\/2021\/12\/zima%20s%20knihou.jpg\"><img decoding=\"async\" class=\"alignleft size-full\" src=\"https:\/\/www.krajskakniznicazilina.sk\/clanky\/2021\/12\/zima%20s%20knihou.jpg\" width=\"40%\" height=\"40%\" \/><\/a>Pestrofarebn\u00fa jese\u0148 vystriedala biela, ale \u010dastokr\u00e1t i\u00a0sychrav\u00e1 pani zima. Dni a\u00a0noci s\u00fa chladn\u00e9, mraziv\u00e9, ve\u010dery dlh\u00e9 a tmav\u00e9. Tak\u00e9to dni s\u00fa ako stvoren\u00e9 na \u010d\u00edtanie v\u00a0pohodl\u00ed a teple domova. A preto si Krajsk\u00e1 kni\u017enica v\u00a0\u017diline pre v\u00e1s pripravila \u010ditate\u013esk\u00fa v\u00fdzvu. <strong>Ak\u00e1 je va\u0161a \u00faloha?<\/strong> <strong>Za\u010d\u00edta\u0165 sa do<\/strong> nap\u00ednav\u00fdch, dobrodru\u017en\u00fdch, romantick\u00fdch, fantazijn\u00fdch \u010di rozpr\u00e1vkov\u00fdch <strong>pr\u00edbehov<\/strong>. Alebo si m\u00f4\u017eete pre\u010d\u00edta\u0165 n\u00e1u\u010dn\u00e9 knihy a\u00a0dozviete sa viac, napr\u00edklad o\u00a0vesm\u00edre, zvierat\u00e1ch, pr\u00edrode, hist\u00f3rii&#8230; <strong>V\u00fdber kn\u00edh nech\u00e1vame na v\u00e1s<\/strong>. <strong>Pre\u010d\u00edtan\u00e9 knihy si budete zapisova\u0165 do \u010ditate\u013esk\u00fdch z\u00e1pisn\u00edkov<\/strong>, ktor\u00e9 s\u00fa <strong>rozdelen\u00e9 do dvoch vekov\u00fdch kateg\u00f3ri\u00ed: od 6 &#8211; 9 rokov a od 10 &#8211; 15 rokov.<\/strong><\/p>\n<p style=\"text-align: justify;\"><strong>\u010citate\u013esk\u00fd z\u00e1pisn\u00edk n\u00e1jdete na na\u0161om detskom oddelen\u00ed alebo si ho m\u00f4\u017eete stiahnu\u0165:<\/strong><!--more--><\/p>\n<table>\n<tbody>\n<tr>\n<td><strong><a href=\"https:\/\/www.krajskakniznicazilina.sk\/clanky\/2021\/12\/%C4%8Ditate%C4%BEsk%C3%BD%20z%C3%A1pisn%C3%ADk%206-9.pdf\">\u010citate\u013esk\u00fd z\u00e1pisn\u00edk pre deti od 6 do 9 rokov<\/a><\/strong><\/p>\n<p><a href=\"https:\/\/www.krajskakniznicazilina.sk\/clanky\/2021\/12\/%C4%8Ditate%C4%BEsk%C3%BD%20z%C3%A1pisn%C3%ADk%206-9.pdf\"><img loading=\"lazy\" decoding=\"async\" class=\"aligncenter\" src=\"https:\/\/www.krajskakniznicazilina.sk\/clanky\/2021\/12\/6-9zap.jpg\" alt=\"\u010citate\u013esk\u00fd z\u00e1pisn\u00edk pre deti od 6 do 9 rokov\" width=\"164\" height=\"155\" \/><\/a><\/td>\n<td><strong><a href=\"https:\/\/www.krajskakniznicazilina.sk\/clanky\/2021\/12\/%C4%8Ditate%C4%BEsk%C3%BD%20z%C3%A1pisn%C3%ADk%2010-15.pdf\">\u010citate\u013esk\u00fd z\u00e1pisn\u00edk pre deti od 10 do 15 rokov<\/a><\/strong><\/p>\n<p><a href=\"https:\/\/www.krajskakniznicazilina.sk\/clanky\/2021\/12\/%C4%8Ditate%C4%BEsk%C3%BD%20z%C3%A1pisn%C3%ADk%2010-15.pdf\"><img loading=\"lazy\" decoding=\"async\" class=\"aligncenter\" src=\"https:\/\/www.krajskakniznicazilina.sk\/clanky\/2021\/12\/10-15zap.jpg\" alt=\"\u010citate\u013esk\u00fd z\u00e1pisn\u00edk pre deti od 10 do 15 rokov\" width=\"78\" height=\"155\" \/><\/a><\/td>\n<\/tr>\n<\/tbody>\n<\/table>\n<p style=\"text-align: justify;\">Vo vekovej kateg\u00f3rii od 6 &#8211; 9 rokov je potrebn\u00e9 knihu ohodnoti\u0165, nap\u00edsa\u0165 s k\u00fdm ste si knihu \u010d\u00edtali (do \u010d\u00edtania m\u00f4\u017eete zapoji\u0165 cel\u00fa rodinu) a nakresli\u0165 aspo\u0148 jeden obr\u00e1zok k tomu, \u010do v\u00e1s zaujalo. Obr\u00e1zky si nezabudnite ozna\u010di\u0165 svoj\u00edm menom.<\/p>\n<p style=\"text-align: justify;\">Vo vekovej\u00a0kateg\u00f3rii od 10 &#8211; 15 rokov n\u00e1m nap\u00ed\u0161ete v\u00e1\u0161 n\u00e1zor \u2013 pre\u010do sa v\u00e1m kniha p\u00e1\u010dila\/nep\u00e1\u010dila.<\/p>\n<p style=\"text-align: justify;\"><strong>\u010citate\u013esk\u00e1 v\u00fdzva prebieha od 1. 12. 2021 do 25. 02. 2022.<\/strong> Po tomto d\u00e1tume <strong>\u010ditate\u013esk\u00fd z\u00e1pisn\u00edk a\u00a0nakreslen\u00e9 obr\u00e1zky donesiete<\/strong> <strong>do kni\u017enice najnesk\u00f4r do 4. 3. 2022, alebo n\u00e1m ich po\u0161lete e-mailom<\/strong>:\u00a0<a href=\"mailto:deti@krajskakniznicazilina.sk\">deti@krajskakniznicazilina.sk<\/a>. Z ka\u017edej vekovej kateg\u00f3rie vy\u017erebujeme jedn\u00e9ho \u0161\u0165astlivca, ktor\u00fd z\u00edska pekn\u00e9 vecn\u00e9 ceny. \u017drebovanie v\u00fdhercov sa uskuto\u010dn\u00ed po\u010das T\u00fd\u017ed\u0148a slovensk\u00fdch kni\u017en\u00edc,\u00a0 ktor\u00fd sa bude kona\u0165 od 7. 3. 2022 &#8211; 11. 3. 2022.<\/p>\n<p style=\"text-align: justify;\">Cie\u013eom aktivity je podpori\u0165 \u010d\u00edtanie a\u00a0\u010ditate\u013esk\u00fa gramotnos\u0165 det\u00ed a\u00a0t\u00edned\u017eerov.<\/p>\n<p style=\"text-align: justify;\">Te\u0161\u00edme sa na va\u0161e pre\u010d\u00edtan\u00e9 knihy, hodnotenia, n\u00e1zory a nama\u013eovan\u00e9 obr\u00e1zky.<\/p>\n<p><iframe loading=\"lazy\" title=\"YouTube video player\" src=\"https:\/\/www.youtube.com\/embed\/ECuof2NjeGs\" width=\"560\" height=\"315\" frameborder=\"0\" allowfullscreen=\"allowfullscreen\"><\/iframe><\/p>\n","protected":false},"excerpt":{"rendered":"<p>Pestrofarebn\u00fa jese\u0148 vystriedala biela, ale \u010dastokr\u00e1t i\u00a0sychrav\u00e1 pani zima. Dni a\u00a0noci s\u00fa chladn\u00e9, mraziv\u00e9, ve\u010dery dlh\u00e9 a tmav\u00e9. Tak\u00e9to dni s\u00fa ako stvoren\u00e9 na \u010d\u00edtanie v\u00a0pohodl\u00ed a teple domova. A preto si Krajsk\u00e1 kni\u017enica v\u00a0\u017diline pre v\u00e1s pripravila \u010ditate\u013esk\u00fa v\u00fdzvu. Ak\u00e1 je va\u0161a \u00faloha? Za\u010d\u00edta\u0165 sa do nap\u00ednav\u00fdch, dobrodru\u017en\u00fdch, romantick\u00fdch, fantazijn\u00fdch \u010di rozpr\u00e1vkov\u00fdch pr\u00edbehov. Alebo &#8230; <a title=\"Zima s\u00a0knihou (detsk\u00e1 \u010ditate\u013esk\u00e1 v\u00fdzva)\" class=\"read-more\" href=\"https:\/\/www.krajskakniznicazilina.sk\/index.php\/2021\/11\/26\/zima-s-knihou-detska-citatelska-vyzva\/\" aria-label=\"Pre\u010d\u00edtajte si viac o Zima s\u00a0knihou (detsk\u00e1 \u010ditate\u013esk\u00e1 v\u00fdzva)\">\u010c\u00edta\u0165 viac<\/a><\/p>\n","protected":false},"author":1,"featured_media":0,"comment_status":"open","ping_status":"open","sticky":false,"template":"","format":"image","meta":{"footnotes":""},"categories":[12,16],"tags":[],"class_list":["post-7917","post","type-post","status-publish","format-image","hentry","category-podujatie","category-sutaz","post_format-post-format-image"],"_links":{"self":[{"href":"https:\/\/www.krajskakniznicazilina.sk\/index.php\/wp-json\/wp\/v2\/posts\/7917","targetHints":{"allow":["GET"]}}],"collection":[{"href":"https:\/\/www.krajskakniznicazilina.sk\/index.php\/wp-json\/wp\/v2\/posts"}],"about":[{"href":"https:\/\/www.krajskakniznicazilina.sk\/index.php\/wp-json\/wp\/v2\/types\/post"}],"author":[{"embeddable":true,"href":"https:\/\/www.krajskakniznicazilina.sk\/index.php\/wp-json\/wp\/v2\/users\/1"}],"replies":[{"embeddable":true,"href":"https:\/\/www.krajskakniznicazilina.sk\/index.php\/wp-json\/wp\/v2\/comments?post=7917"}],"version-history":[{"count":39,"href":"https:\/\/www.krajskakniznicazilina.sk\/index.php\/wp-json\/wp\/v2\/posts\/7917\/revisions"}],"predecessor-version":[{"id":8032,"href":"https:\/\/www.krajskakniznicazilina.sk\/index.php\/wp-json\/wp\/v2\/posts\/7917\/revisions\/8032"}],"wp:attachment":[{"href":"https:\/\/www.krajskakniznicazilina.sk\/index.php\/wp-json\/wp\/v2\/media?parent=7917"}],"wp:term":[{"taxonomy":"category","embeddable":true,"href":"https:\/\/www.krajskakniznicazilina.sk\/index.php\/wp-json\/wp\/v2\/categories?post=7917"},{"taxonomy":"post_tag","embeddable":true,"href":"https:\/\/www.krajskakniznicazilina.sk\/index.php\/wp-json\/wp\/v2\/tags?post=7917"}],"curies":[{"name":"wp","href":"https:\/\/api.w.org\/{rel}","templated":true}]}}