{"id":8082,"date":"2021-11-25T11:58:52","date_gmt":"2021-11-25T11:58:52","guid":{"rendered":"https:\/\/www.krajskakniznicazilina.sk\/?p=8082"},"modified":"2025-11-13T11:57:29","modified_gmt":"2025-11-13T10:57:29","slug":"aktualne-si-mozete-objednat-knihy-vopred","status":"publish","type":"post","link":"https:\/\/www.krajskakniznicazilina.sk\/index.php\/2021\/11\/25\/aktualne-si-mozete-objednat-knihy-vopred\/","title":{"rendered":"Aktu\u00e1lne si m\u00f4\u017eete objedna\u0165 knihy vopred"},"content":{"rendered":"<p style=\"text-align: justify;\"><a href=\"https:\/\/www.krajskakniznicazilina.sk\/clanky\/2021\/11\/oznam%20v%C3%BDdaj%20kn%C3%ADh.jpg\"><img decoding=\"async\" class=\"alignright size-full\" src=\"https:\/\/www.krajskakniznicazilina.sk\/clanky\/2021\/11\/oznam%20v%C3%BDdaj%20kn%C3%ADh.jpg\" width=\"40%\" height=\"40%\" \/><\/a><\/p>\n<div class=\"ns4p8fja j83agx80 cbu4d94t a6sixzi8 bkfpd7mw d2edcug0 kb5gq1qc nred35xi pcp91wgn dflh9lhu\" role=\"none\">\n<div class=\"pfnyh3mw ciadx1gn mudddibn aovydwv3 j83agx80\">\n<p class=\"pfnyh3mw ciadx1gn mudddibn aovydwv3 j83agx80\" style=\"text-align: justify;\">Na z\u00e1klade aktu\u00e1lnych opatren\u00ed prist\u00fapila kni\u017enica k zmene sp\u00f4sobu v\u00fdpo\u017ei\u010diek dokumentov. Knihy je potrebn\u00e9 si vopred objedna\u0165 a po potvrden\u00ed objedn\u00e1vky si ich m\u00f4\u017eete pr\u00eds\u0165 vyzdvihn\u00fa\u0165 do kni\u017enice. Slu\u017eba vyzdvihnutia objednan\u00fdch dokumentov je realizovan\u00e1 v protokole OTP. (Pod \u201cOTP\u201d sa pod\u013ea Covid Automatu v4 myslia v\u00fdlu\u010dne len osoby, ktor\u00e9 s\u00fa plne o\u010dkovan\u00e9, testovan\u00e9 (od odberu PCR 72 hod\u00edn, Ag 48 hod\u00edn), alebo ochorenie COVID-19 prekonali za ostatn\u00fdch 180 dn\u00ed.)<\/p>\n<p class=\"pfnyh3mw ciadx1gn mudddibn aovydwv3 j83agx80\" style=\"text-align: justify;\">Tvorba upomienok je do\u010dasne pozastaven\u00e1. Knihy m\u00f4\u017eete vr\u00e1ti\u0165 prostredn\u00edctvom Biblioboxu<\/p>\n<\/div>\n<\/div>\n<h3 style=\"text-align: justify;\"><strong>V\u00fddaj vopred objednan\u00fdch kn\u00edh <\/strong>(<strong><a href=\"https:\/\/www.krajskakniznicazilina.sk\/index.php\/2021\/11\/29\/video-navod-objednanie-odlozenia-knihy-cez-online-katalog\/\">video n\u00e1vod na objednanie odlo\u017eenia<\/a><\/strong>)<\/h3>\n<p style=\"text-align: justify;\">Od 25.11.2021 m\u00f4\u017eete v kni\u017enici len vyzdvihn\u00fa\u0165 svoje vopred objednan\u00e9 knihy. Po knihy sa m\u00f4\u017eete zastavi\u0165<strong> po\u010das be\u017en\u00fdch otv\u00e1rac\u00edch hod\u00edn<\/strong> Krajskej kni\u017enice v \u017diline.<\/p>\n<p style=\"text-align: justify;\"><strong>Podmienky vyu\u017eitia slu\u017eby:<\/strong><!--more--><\/p>\n<ul style=\"text-align: justify;\">\n<li>objednanie kn\u00edh vopred prostredn\u00edctvom\u00a0<a href=\"https:\/\/zsk.tritius.sk\/\"><strong>online katal\u00f3gu <\/strong><\/a>cez slu\u017ebu\u00a0<strong>odlo\u017eenie dokumentu,<\/strong><\/li>\n<li>vo v\u00fdnimo\u010dn\u00fdch pr\u00edpadoch objednanie kn\u00edh telefonicky: 041\/723 30 90 alebo 041\/764 56 22, alebo mailom:\n<ul style=\"text-align: justify;\">\n<li>pre objednanie <strong>odbornej literat\u00fary<\/strong> p\u00ed\u0161te na email <strong><a href=\"mailto:kniznica@krajskakniznicazilina.sk\">kniznica@krajskakniznicazilina.sk<\/a>,<\/strong><\/li>\n<li><strong>beletriu<\/strong> si objedn\u00e1te emailom na <strong><a href=\"mailto:sluzby@krajskakniznicazilina.sk\">sluzby@krajskakniznicazilina.sk<\/a><\/strong>,<\/li>\n<li><strong>detsk\u00fa<\/strong> <strong>a anglick\u00fa literat\u00faru<\/strong> si objedn\u00e1te emailom na <strong><a href=\"mailto:deti@krajskakniznicazilina.sk\">deti@krajskakniznicazilina.sk<\/a><\/strong>,<\/li>\n<\/ul>\n<\/li>\n<li><strong>kni\u017enica vyd\u00e1 dokumenty a\u017e po zaslan\u00ed potvrdenia mailom \u010ditate\u013eovi o ich pripraven\u00ed na vyzdvihnutie a pripraven\u00e9 knihy bud\u00fa pre v\u00e1s v kni\u017enici odlo\u017een\u00e9 len do 3 pracovn\u00fdch dn\u00ed, pokia\u013e bude kni\u017enica aj na\u010falej otvoren\u00e1 na ich v\u00fddaj.<\/strong><\/li>\n<li>objedn\u00e1vky s\u00fa aktu\u00e1lne <strong>bezplatn\u00e9 <\/strong>(rezerv\u00e1cie ost\u00e1vaj\u00fa spoplatnen\u00e9 0,50\u20ac\/ks).<\/li>\n<\/ul>\n<p style=\"text-align: justify;\">V\u00fddajn\u00e9 miesto bude od 25.11.2021 vo vstupe do budovy, vstup bude umo\u017enen\u00fd v\u017edy len <strong>1 osobe<\/strong>\u00a0pri dodr\u017eiavan\u00ed ur\u010den\u00fdch\u00a0<strong>hygienick\u00fdch pravidiel<\/strong>\u00a0\u2013 r\u00fa\u0161ko, dezinfekcia r\u00fak, bez pr\u00edznakov infek\u010dn\u00e9ho ochorenia.<span id=\"more-6141\"><\/span><\/p>\n<h3 style=\"text-align: justify;\"><strong>Re\u0161er\u0161e a medzikni\u017eni\u010dn\u00e1 v\u00fdpo\u017ei\u010dn\u00e1 slu\u017eba<\/strong><\/h3>\n<p style=\"text-align: justify;\">Prostredn\u00edctvom mailu<strong>\u00a0<a href=\"mailto:kniznica@krajskakniznicazilina.sk\">kniznica@krajskakniznicazilina.sk<\/a>\u00a0<\/strong>m\u00f4\u017eete po\u017eiada\u0165 o vypracovanie re\u0161er\u0161e alebo o v\u00fdpo\u017ei\u010dku dokumentu medzikni\u017eni\u010dnej v\u00fdpo\u017ei\u010dnej slu\u017eby. V\u0161etky slu\u017eby s\u00fa realizovan\u00e9 a\u017e po dohode s knihovn\u00edkom a \u00fahrade ceny za slu\u017ebu pod\u013ea aktu\u00e1lneho\u00a0<a href=\"https:\/\/www.krajskakniznicazilina.sk\/index.php\/sluzby\/cennik\/\">cenn\u00edka<\/a>.<\/p>\n<h3 style=\"text-align: justify;\"><strong>V\u00fdpo\u017ei\u010dka e-kn\u00edh<\/strong><\/h3>\n<p style=\"text-align: justify;\">Na\u010falej m\u00f4\u017eete vyu\u017ei\u0165 v\u00fdpo\u017ei\u010dku\u00a0<strong><a href=\"https:\/\/www.krajskakniznicazilina.sk\/index.php\/sluzby\/e-knihy\/\">e-kn\u00edh<\/a><\/strong>\u00a0\u2013 cez online katal\u00f3g kni\u017enice si m\u00f4\u017eete stiahnu\u0165\u00a0e-knihy z port\u00e1lu Palmknihy. Pros\u00edme \u010ditate\u013eov, aby si overili technick\u00e9 mo\u017enosti vyu\u017e\u00edvania tejto slu\u017eby e\u0161te pred stiahnut\u00edm knihy do svojho zariadenia (typ odpor\u00fa\u010dan\u00fdch \u010d\u00edta\u010diek).<\/p>\n<h3 style=\"text-align: justify;\"><strong>Registr\u00e1cia<\/strong><\/h3>\n<p style=\"text-align: justify;\">V pr\u00edpade z\u00e1ujmu o na\u0161e slu\u017eby online formou V\u00e1s m\u00f4\u017eeme registrova\u0165 aj na z\u00e1klade platby za registr\u00e1ciu (v sume stanovenej aktu\u00e1lnym\u00a0<strong><a href=\"https:\/\/www.krajskakniznicazilina.sk\/index.php\/sluzby\/cennik\/\">cenn\u00edkom<\/a><\/strong>) zaslanej na \u00fa\u010det kni\u017enice v \u0160t\u00e1tnej pokladnici: 7000481379\/8180 resp.<strong>\u00a0IBAN SK20 8180 0000 0070 0048 1379<\/strong><\/p>\n<p style=\"text-align: justify;\">Do \u010dasti\u00a0<strong>\u00da\u010del platby (spr\u00e1va pr\u00edjemcovi)<\/strong>\u00a0uve\u010fte Va\u0161e\u00a0<strong>meno<\/strong>\u00a0a\u00a0<strong>\u00fa\u010del poplatku<\/strong>\u00a0(registr\u00e1cia, re\u0161er\u0161\u2026).<\/p>\n<p style=\"text-align: justify;\">Registr\u00e1ciu, resp. in\u00fa po\u017eadovan\u00fa slu\u017ebu za\u010dneme realizova\u0165 potom, ako platba pr\u00edde na \u00fa\u010det kni\u017enice. Pokia\u013e by ste potrebovali ur\u00fdchlenie po\u017eadovanej slu\u017eby, m\u00f4\u017eete n\u00e1m zasla\u0165 potvrdenie o realiz\u00e1cii platby z\u00a0internetbankingu vopred.<\/p>\n<p style=\"text-align: justify;\">Po\u017ei\u010dan\u00e9 knihy z Krajskej kni\u017enice v \u017diline m\u00f4\u017eete vr\u00e1ti\u0165 cez bibliobox.<\/p>\n<hr \/>\n<p style=\"text-align: justify;\">Kni\u017enica je otvoren\u00e1 pre verejnos\u0165 v zmysle <strong>UZNESENIA VL\u00c1DY SLOVENSKEJ REPUBLIKY \u010d.695<\/strong> k n\u00e1vrhu na vyhl\u00e1senie n\u00fadzov\u00e9ho stavu a na prijatie opatren\u00ed pod\u013ea \u010dl. 5 ods. 4 \u00fastavn\u00e9ho z\u00e1kona \u010d. 227\/2002 Z. z. o bezpe\u010dnosti \u0161t\u00e1tu v \u010dase vojny, vojnov\u00e9ho stavu, v\u00fdnimo\u010dn\u00e9ho stavu a n\u00fadzov\u00e9ho stavu v znen\u00ed neskor\u0161\u00edch predpisov v\u00fdhradne ako <strong>V\u00ddDAJN\u00c9 MIESTO NA DOKUMENTY OBJEDNAN\u00c9 VOPRED CEZ INTERNET<\/strong>.<\/p>\n","protected":false},"excerpt":{"rendered":"<p>Na z\u00e1klade aktu\u00e1lnych opatren\u00ed prist\u00fapila kni\u017enica k zmene sp\u00f4sobu v\u00fdpo\u017ei\u010diek dokumentov. Knihy je potrebn\u00e9 si vopred objedna\u0165 a po potvrden\u00ed objedn\u00e1vky si ich m\u00f4\u017eete pr\u00eds\u0165 vyzdvihn\u00fa\u0165 do kni\u017enice. Slu\u017eba vyzdvihnutia objednan\u00fdch dokumentov je realizovan\u00e1 v protokole OTP. (Pod \u201cOTP\u201d sa pod\u013ea Covid Automatu v4 myslia v\u00fdlu\u010dne len osoby, ktor\u00e9 s\u00fa plne o\u010dkovan\u00e9, testovan\u00e9 (od odberu &#8230; <a title=\"Aktu\u00e1lne si m\u00f4\u017eete objedna\u0165 knihy vopred\" class=\"read-more\" href=\"https:\/\/www.krajskakniznicazilina.sk\/index.php\/2021\/11\/25\/aktualne-si-mozete-objednat-knihy-vopred\/\" aria-label=\"Pre\u010d\u00edtajte si viac o Aktu\u00e1lne si m\u00f4\u017eete objedna\u0165 knihy vopred\">\u010c\u00edta\u0165 viac<\/a><\/p>\n","protected":false},"author":1,"featured_media":0,"comment_status":"open","ping_status":"open","sticky":false,"template":"","format":"image","meta":{"footnotes":""},"categories":[1],"tags":[],"class_list":["post-8082","post","type-post","status-publish","format-image","hentry","category-oznam","post_format-post-format-image"],"_links":{"self":[{"href":"https:\/\/www.krajskakniznicazilina.sk\/index.php\/wp-json\/wp\/v2\/posts\/8082","targetHints":{"allow":["GET"]}}],"collection":[{"href":"https:\/\/www.krajskakniznicazilina.sk\/index.php\/wp-json\/wp\/v2\/posts"}],"about":[{"href":"https:\/\/www.krajskakniznicazilina.sk\/index.php\/wp-json\/wp\/v2\/types\/post"}],"author":[{"embeddable":true,"href":"https:\/\/www.krajskakniznicazilina.sk\/index.php\/wp-json\/wp\/v2\/users\/1"}],"replies":[{"embeddable":true,"href":"https:\/\/www.krajskakniznicazilina.sk\/index.php\/wp-json\/wp\/v2\/comments?post=8082"}],"version-history":[{"count":18,"href":"https:\/\/www.krajskakniznicazilina.sk\/index.php\/wp-json\/wp\/v2\/posts\/8082\/revisions"}],"predecessor-version":[{"id":16237,"href":"https:\/\/www.krajskakniznicazilina.sk\/index.php\/wp-json\/wp\/v2\/posts\/8082\/revisions\/16237"}],"wp:attachment":[{"href":"https:\/\/www.krajskakniznicazilina.sk\/index.php\/wp-json\/wp\/v2\/media?parent=8082"}],"wp:term":[{"taxonomy":"category","embeddable":true,"href":"https:\/\/www.krajskakniznicazilina.sk\/index.php\/wp-json\/wp\/v2\/categories?post=8082"},{"taxonomy":"post_tag","embeddable":true,"href":"https:\/\/www.krajskakniznicazilina.sk\/index.php\/wp-json\/wp\/v2\/tags?post=8082"}],"curies":[{"name":"wp","href":"https:\/\/api.w.org\/{rel}","templated":true}]}}