{"id":8112,"date":"2021-11-30T12:23:03","date_gmt":"2021-11-30T12:23:03","guid":{"rendered":"https:\/\/www.krajskakniznicazilina.sk\/?p=8112"},"modified":"2021-11-30T12:23:03","modified_gmt":"2021-11-30T12:23:03","slug":"pan-kaplan-ma-stale-tridu-rad-blog","status":"publish","type":"post","link":"https:\/\/www.krajskakniznicazilina.sk\/index.php\/2021\/11\/30\/pan-kaplan-ma-stale-tridu-rad-blog\/","title":{"rendered":"Pan Kaplan m\u00e1 st\u00e1le t\u0159\u00eddu r\u00e1d (blog)"},"content":{"rendered":"<div style=\"background-color: #1a2d59; padding: 35px 35px 10px 35px; text-align: justify;\">\n<p><span style=\"color: #ffffff;\"><i><a href=\"https:\/\/kniznicazilina.blogspot.com\/2021\/11\/pan-kaplan-ma-stale-tridu-rad.html\"><img decoding=\"async\" class=\"size-full wp-image-7473 alignright\" src=\"https:\/\/1.bp.blogspot.com\/-JGZWxyT9IG8\/YZ9sDuDkTvI\/AAAAAAAAHSk\/kz5-mEmAi8cVL2qnbPIjpJAZbZgT624rgCLcBGAsYHQ\/w320-h303\/pan%2Bkaplan.jpeg\" alt=\"\" width=\"25%\" height=\"25%\" \/><\/a><\/i>Pri pozeran\u00ed jedn\u00e9ho \u010desk\u00e9ho seri\u00e1lu mi ako \u201eknihovnici\u201c zostala v pam\u00e4ti sc\u00e9na, kedy jedna z hlavn\u00fdch hrdiniek dostane ako dar\u010dek knihu a okomentuje ju slovami \u201cT\u00e1 je vtipn\u00e1\u201c. M\u00e1m rada vtipn\u00e9 knihy. Preto som si hne\u010f otvorila n\u00e1\u0161 katal\u00f3g, aby som zistila, \u010di knihu n\u00e1jdem v na\u0161ej kni\u017enici&#8230;<br \/>\n<\/span><\/p>\n<p><span style=\"color: #ffffff;\">Viac sa do\u010d\u00edtate na blogu<\/span> <span style=\"color: #ccffff;\"><a style=\"color: #ccffff;\" href=\"https:\/\/kniznicazilina.blogspot.com\/2021\/11\/pan-kaplan-ma-stale-tridu-rad.html\"><strong>Kni\u017enica spoza pultu<\/strong><\/a><span style=\"color: #ffffff;\">.<\/span><\/span><\/p>\n<\/div>\n","protected":false},"excerpt":{"rendered":"<p>Pri pozeran\u00ed jedn\u00e9ho \u010desk\u00e9ho seri\u00e1lu mi ako \u201eknihovnici\u201c zostala v pam\u00e4ti sc\u00e9na, kedy jedna z hlavn\u00fdch hrdiniek dostane ako dar\u010dek knihu a okomentuje ju slovami \u201cT\u00e1 je vtipn\u00e1\u201c. M\u00e1m rada vtipn\u00e9 knihy. Preto som si hne\u010f otvorila n\u00e1\u0161 katal\u00f3g, aby som zistila, \u010di knihu n\u00e1jdem v na\u0161ej kni\u017enici&#8230; Viac sa do\u010d\u00edtate na blogu Kni\u017enica spoza &#8230; <a title=\"Pan Kaplan m\u00e1 st\u00e1le t\u0159\u00eddu r\u00e1d (blog)\" class=\"read-more\" href=\"https:\/\/www.krajskakniznicazilina.sk\/index.php\/2021\/11\/30\/pan-kaplan-ma-stale-tridu-rad-blog\/\" aria-label=\"Pre\u010d\u00edtajte si viac o Pan Kaplan m\u00e1 st\u00e1le t\u0159\u00eddu r\u00e1d (blog)\">\u010c\u00edta\u0165 viac<\/a><\/p>\n","protected":false},"author":1,"featured_media":0,"comment_status":"open","ping_status":"open","sticky":false,"template":"","format":"image","meta":{"footnotes":""},"categories":[65],"tags":[],"class_list":["post-8112","post","type-post","status-publish","format-image","hentry","category-blog","post_format-post-format-image"],"_links":{"self":[{"href":"https:\/\/www.krajskakniznicazilina.sk\/index.php\/wp-json\/wp\/v2\/posts\/8112","targetHints":{"allow":["GET"]}}],"collection":[{"href":"https:\/\/www.krajskakniznicazilina.sk\/index.php\/wp-json\/wp\/v2\/posts"}],"about":[{"href":"https:\/\/www.krajskakniznicazilina.sk\/index.php\/wp-json\/wp\/v2\/types\/post"}],"author":[{"embeddable":true,"href":"https:\/\/www.krajskakniznicazilina.sk\/index.php\/wp-json\/wp\/v2\/users\/1"}],"replies":[{"embeddable":true,"href":"https:\/\/www.krajskakniznicazilina.sk\/index.php\/wp-json\/wp\/v2\/comments?post=8112"}],"version-history":[{"count":7,"href":"https:\/\/www.krajskakniznicazilina.sk\/index.php\/wp-json\/wp\/v2\/posts\/8112\/revisions"}],"predecessor-version":[{"id":8119,"href":"https:\/\/www.krajskakniznicazilina.sk\/index.php\/wp-json\/wp\/v2\/posts\/8112\/revisions\/8119"}],"wp:attachment":[{"href":"https:\/\/www.krajskakniznicazilina.sk\/index.php\/wp-json\/wp\/v2\/media?parent=8112"}],"wp:term":[{"taxonomy":"category","embeddable":true,"href":"https:\/\/www.krajskakniznicazilina.sk\/index.php\/wp-json\/wp\/v2\/categories?post=8112"},{"taxonomy":"post_tag","embeddable":true,"href":"https:\/\/www.krajskakniznicazilina.sk\/index.php\/wp-json\/wp\/v2\/tags?post=8112"}],"curies":[{"name":"wp","href":"https:\/\/api.w.org\/{rel}","templated":true}]}}