{"id":8123,"date":"2021-12-01T09:43:08","date_gmt":"2021-12-01T09:43:08","guid":{"rendered":"https:\/\/www.krajskakniznicazilina.sk\/?p=8123"},"modified":"2021-12-01T09:43:08","modified_gmt":"2021-12-01T09:43:08","slug":"hovorime-spolu-o-mytoch-podcast","status":"publish","type":"post","link":"https:\/\/www.krajskakniznicazilina.sk\/index.php\/2021\/12\/01\/hovorime-spolu-o-mytoch-podcast\/","title":{"rendered":"Hovor\u00edme spolu o m\u00fdtoch (podcast)"},"content":{"rendered":"<p style=\"text-align: justify;\">Ani\u010dka, Ma\u0165ka a Idka hovoria o mytol\u00f3gii a m\u00fdtoch v literat\u00fare a o tom ako presahuj\u00fa do na\u0161ich \u017eivotov. T\u00fdmto podcastom uzatv\u00e1rame mesiac \u010ditate\u013eskej v\u00fdzvy, ktor\u00fd mal t\u00e9mu Mytol\u00f3gia v literat\u00fare.<\/p>\n<h3>Podcast si m\u00f4\u017eete vypo\u010du\u0165 na\u00a0<strong>Spotify\u00a0<\/strong>alebo cez<strong>\u00a0Anchor:<\/strong><\/h3>\n<p><iframe loading=\"lazy\" src=\"https:\/\/open.spotify.com\/embed\/episode\/6xyWrhukxSXXgGVe4ymyJK?utm_source=generator\" width=\"50%\" height=\"232\" frameborder=\"0\" allowfullscreen=\"allowfullscreen\"><span data-mce-type=\"bookmark\" style=\"display: inline-block; width: 0px; overflow: hidden; line-height: 0;\" class=\"mce_SELRES_start\">\ufeff<\/span><\/iframe> <iframe loading=\"lazy\" src=\"https:\/\/anchor.fm\/krajsk-kninica-v-iline\/embed\/episodes\/Hovorme-spolu-o-mtoch-e1avdct\" width=\"45%\" height=\"232\" frameborder=\"0\" scrolling=\"no\"><span data-mce-type=\"bookmark\" style=\"display: inline-block; width: 0px; overflow: hidden; line-height: 0;\" class=\"mce_SELRES_start\">\ufeff<\/span><\/iframe><\/p>\n","protected":false},"excerpt":{"rendered":"<p>Ani\u010dka, Ma\u0165ka a Idka hovoria o mytol\u00f3gii a m\u00fdtoch v literat\u00fare a o tom ako presahuj\u00fa do na\u0161ich \u017eivotov. T\u00fdmto podcastom uzatv\u00e1rame mesiac \u010ditate\u013eskej v\u00fdzvy, ktor\u00fd mal t\u00e9mu Mytol\u00f3gia v literat\u00fare. Podcast si m\u00f4\u017eete vypo\u010du\u0165 na\u00a0Spotify\u00a0alebo cez\u00a0Anchor: \ufeff \ufeff<\/p>\n","protected":false},"author":1,"featured_media":0,"comment_status":"open","ping_status":"open","sticky":false,"template":"","format":"video","meta":{"footnotes":""},"categories":[67],"tags":[],"class_list":["post-8123","post","type-post","status-publish","format-video","hentry","category-podcast","post_format-post-format-video"],"_links":{"self":[{"href":"https:\/\/www.krajskakniznicazilina.sk\/index.php\/wp-json\/wp\/v2\/posts\/8123","targetHints":{"allow":["GET"]}}],"collection":[{"href":"https:\/\/www.krajskakniznicazilina.sk\/index.php\/wp-json\/wp\/v2\/posts"}],"about":[{"href":"https:\/\/www.krajskakniznicazilina.sk\/index.php\/wp-json\/wp\/v2\/types\/post"}],"author":[{"embeddable":true,"href":"https:\/\/www.krajskakniznicazilina.sk\/index.php\/wp-json\/wp\/v2\/users\/1"}],"replies":[{"embeddable":true,"href":"https:\/\/www.krajskakniznicazilina.sk\/index.php\/wp-json\/wp\/v2\/comments?post=8123"}],"version-history":[{"count":6,"href":"https:\/\/www.krajskakniznicazilina.sk\/index.php\/wp-json\/wp\/v2\/posts\/8123\/revisions"}],"predecessor-version":[{"id":8129,"href":"https:\/\/www.krajskakniznicazilina.sk\/index.php\/wp-json\/wp\/v2\/posts\/8123\/revisions\/8129"}],"wp:attachment":[{"href":"https:\/\/www.krajskakniznicazilina.sk\/index.php\/wp-json\/wp\/v2\/media?parent=8123"}],"wp:term":[{"taxonomy":"category","embeddable":true,"href":"https:\/\/www.krajskakniznicazilina.sk\/index.php\/wp-json\/wp\/v2\/categories?post=8123"},{"taxonomy":"post_tag","embeddable":true,"href":"https:\/\/www.krajskakniznicazilina.sk\/index.php\/wp-json\/wp\/v2\/tags?post=8123"}],"curies":[{"name":"wp","href":"https:\/\/api.w.org\/{rel}","templated":true}]}}