{"id":8336,"date":"2022-01-20T08:43:18","date_gmt":"2022-01-20T08:43:18","guid":{"rendered":"https:\/\/www.krajskakniznicazilina.sk\/?p=8336"},"modified":"2022-01-20T08:43:18","modified_gmt":"2022-01-20T08:43:18","slug":"kniha-horneho-povazia-2021","status":"publish","type":"post","link":"https:\/\/www.krajskakniznicazilina.sk\/index.php\/2022\/01\/20\/kniha-horneho-povazia-2021\/","title":{"rendered":"Kniha Horn\u00e9ho Pova\u017eia 2021"},"content":{"rendered":"<p style=\"text-align: justify;\"><a href=\"https:\/\/www.krajskakniznicazilina.sk\/clanky\/2022\/01\/khp%202021.jpg\"><img decoding=\"async\" class=\"alignright size-full\" src=\"https:\/\/www.krajskakniznicazilina.sk\/clanky\/2022\/01\/khp%202021.jpg\" width=\"40%\" height=\"40%\" \/><\/a>Krajsk\u00e1 kni\u017enica v \u017diline vyhl\u00e1sila 16. ro\u010dn\u00edk \u010ditate\u013eskej s\u00fa\u0165a\u017ee Kniha Horn\u00e9ho Pova\u017eia 2021. Cie\u013eom s\u00fa\u0165a\u017ee je predstavi\u0165 verejnosti tvorbu a\u00a0 osobnosti autorov \u017eij\u00facich a p\u00f4sobiacich v regi\u00f3ne Horn\u00e9 Pova\u017eie.<\/p>\n<p style=\"text-align: justify;\">Nominova\u0165 knihy m\u00f4\u017ee \u010ditate\u013esk\u00e1 verejnos\u0165, autori, zostavovatelia, redaktori, vydavatelia, kn\u00edhkupci \u010di distrib\u00fatori kn\u00edh. Do s\u00fa\u0165a\u017ee m\u00f4\u017eu by\u0165 zaraden\u00e9 knihy vydan\u00e9 v roku 2021, s\u00fa sp\u00e4t\u00e9 s regi\u00f3nom Horn\u00e9ho Pova\u017eia tematicky, alebo osobou autora textovej \u010di obrazovej \u010dasti\u00a0 a bolo im pridelen\u00e9 ISBN (<a href=\"https:\/\/www.krajskakniznicazilina.sk\/menu\/prekniz\/knihaHP\/khp2021prav.pdf\">pravidl\u00e1 s\u00fa\u0165a\u017ee<\/a>). Knihy bud\u00fa rozdelen\u00e9 do dvoch s\u00fa\u0165a\u017en\u00fdch kateg\u00f3ri\u00ed: beletria a odborn\u00e1 literat\u00fara.\u00a0<strong>Nomin\u00e1cie<\/strong> sa prij\u00edmaj\u00fa v term\u00edne od 24. janu\u00e1ra 2022 <strong>do 28. febru\u00e1ra 2022<\/strong>.<\/p>\n<h3 style=\"text-align: justify;\"><strong>Online nomina\u010dn\u00fd list<\/strong>\u00a0m\u00f4\u017eete vyplni\u0165 na tejto adrese: <strong><a href=\"https:\/\/forms.gle\/okXkVr5AsksxeeUb6\">https:\/\/forms.gle\/okXkVr5AsksxeeUb6<\/a><\/strong><\/h3>\n<p style=\"text-align: justify;\">Pr\u00edpadne m\u00f4\u017eete\u00a0<a href=\"https:\/\/www.krajskakniznicazilina.sk\/menu\/prekniz\/knihaHP\/khpNL.pdf\">nomina\u010dn\u00fd list<\/a>\u00a0doru\u010di\u0165:<\/p>\n<ul style=\"text-align: justify;\">\n<li>po\u0161tou \/ osobne na adresu: Krajsk\u00e1 kni\u017enica v \u017diline Ul. A. Bernol\u00e1ka 47, 011 77 \u017dilina<\/li>\n<li>alebo emailom na:\u00a0<a href=\"mailto:lajdova@krajskakniznicazilina.sk\">lajdova@krajskakniznicazilina.sk<\/a><\/li>\n<\/ul>\n<p style=\"text-align: justify;\"><strong>Nominovan\u00e9 knihy bud\u00fa postupne predstavovan\u00e9<\/strong> medi\u00e1lnymi partnermi, na internetovej str\u00e1nke kni\u017enice a \u017dilinsk\u00e9ho samospr\u00e1vneho kraja a v \u010dase od 28. febru\u00e1ra do 8. apr\u00edla 2022 bud\u00fa vystaven\u00e9 v kni\u017enici.<\/p>\n<p style=\"text-align: justify;\">O v\u00fdsledkoch s\u00fa\u0165a\u017ee rozhodne \u010ditate\u013esk\u00e1 verejnos\u0165. Kniha s najv\u00e4\u010d\u0161\u00edm po\u010dtom hlasov z\u00edska titul\u00a0<strong>Kniha Horn\u00e9ho Pova\u017eia 2021<\/strong>. Heslo s\u00fa\u0165a\u017ee\u00a0<strong>\u201enominuj \u2013 hlasuj \u2013 vyhraj\u201c<\/strong><\/p>\n","protected":false},"excerpt":{"rendered":"<p>Krajsk\u00e1 kni\u017enica v \u017diline vyhl\u00e1sila 16. ro\u010dn\u00edk \u010ditate\u013eskej s\u00fa\u0165a\u017ee Kniha Horn\u00e9ho Pova\u017eia 2021. Cie\u013eom s\u00fa\u0165a\u017ee je predstavi\u0165 verejnosti tvorbu a\u00a0 osobnosti autorov \u017eij\u00facich a p\u00f4sobiacich v regi\u00f3ne Horn\u00e9 Pova\u017eie. Nominova\u0165 knihy m\u00f4\u017ee \u010ditate\u013esk\u00e1 verejnos\u0165, autori, zostavovatelia, redaktori, vydavatelia, kn\u00edhkupci \u010di distrib\u00fatori kn\u00edh. Do s\u00fa\u0165a\u017ee m\u00f4\u017eu by\u0165 zaraden\u00e9 knihy vydan\u00e9 v roku 2021, s\u00fa sp\u00e4t\u00e9 s &#8230; <a title=\"Kniha Horn\u00e9ho Pova\u017eia 2021\" class=\"read-more\" href=\"https:\/\/www.krajskakniznicazilina.sk\/index.php\/2022\/01\/20\/kniha-horneho-povazia-2021\/\" aria-label=\"Pre\u010d\u00edtajte si viac o Kniha Horn\u00e9ho Pova\u017eia 2021\">\u010c\u00edta\u0165 viac<\/a><\/p>\n","protected":false},"author":1,"featured_media":0,"comment_status":"open","ping_status":"open","sticky":false,"template":"","format":"image","meta":{"footnotes":""},"categories":[40,16],"tags":[],"class_list":["post-8336","post","type-post","status-publish","format-image","hentry","category-kniha-horneho-povazia","category-sutaz","post_format-post-format-image"],"_links":{"self":[{"href":"https:\/\/www.krajskakniznicazilina.sk\/index.php\/wp-json\/wp\/v2\/posts\/8336","targetHints":{"allow":["GET"]}}],"collection":[{"href":"https:\/\/www.krajskakniznicazilina.sk\/index.php\/wp-json\/wp\/v2\/posts"}],"about":[{"href":"https:\/\/www.krajskakniznicazilina.sk\/index.php\/wp-json\/wp\/v2\/types\/post"}],"author":[{"embeddable":true,"href":"https:\/\/www.krajskakniznicazilina.sk\/index.php\/wp-json\/wp\/v2\/users\/1"}],"replies":[{"embeddable":true,"href":"https:\/\/www.krajskakniznicazilina.sk\/index.php\/wp-json\/wp\/v2\/comments?post=8336"}],"version-history":[{"count":2,"href":"https:\/\/www.krajskakniznicazilina.sk\/index.php\/wp-json\/wp\/v2\/posts\/8336\/revisions"}],"predecessor-version":[{"id":8338,"href":"https:\/\/www.krajskakniznicazilina.sk\/index.php\/wp-json\/wp\/v2\/posts\/8336\/revisions\/8338"}],"wp:attachment":[{"href":"https:\/\/www.krajskakniznicazilina.sk\/index.php\/wp-json\/wp\/v2\/media?parent=8336"}],"wp:term":[{"taxonomy":"category","embeddable":true,"href":"https:\/\/www.krajskakniznicazilina.sk\/index.php\/wp-json\/wp\/v2\/categories?post=8336"},{"taxonomy":"post_tag","embeddable":true,"href":"https:\/\/www.krajskakniznicazilina.sk\/index.php\/wp-json\/wp\/v2\/tags?post=8336"}],"curies":[{"name":"wp","href":"https:\/\/api.w.org\/{rel}","templated":true}]}}