{"id":8345,"date":"2022-01-18T06:40:49","date_gmt":"2022-01-18T06:40:49","guid":{"rendered":"https:\/\/www.krajskakniznicazilina.sk\/?p=8345"},"modified":"2022-01-18T06:40:49","modified_gmt":"2022-01-18T06:40:49","slug":"kratko-o-3-romanoch-xi-blog","status":"publish","type":"post","link":"https:\/\/www.krajskakniznicazilina.sk\/index.php\/2022\/01\/18\/kratko-o-3-romanoch-xi-blog\/","title":{"rendered":"Kr\u00e1tko o 3 rom\u00e1noch XI. (blog)"},"content":{"rendered":"<div style=\"background-color: #1a2d59; padding: 35px 25px 35px 25px; text-align: justify;\">\n<p><span style=\"color: #ffffff;\"><a href=\"https:\/\/kniznicazilina.blogspot.com\/2022\/01\/kratko-o-3-romanoch-xi.html\"><img loading=\"lazy\" decoding=\"async\" class=\"alignright wp-image-8346 size-medium\" src=\"https:\/\/www.krajskakniznicazilina.sk\/wp-content\/uploads\/2022\/01\/tri-300x144.png\" alt=\"\" width=\"300\" height=\"144\" srcset=\"https:\/\/www.krajskakniznicazilina.sk\/wp-content\/uploads\/2022\/01\/tri-300x144.png 300w, https:\/\/www.krajskakniznicazilina.sk\/wp-content\/uploads\/2022\/01\/tri.png 500w\" sizes=\"auto, (max-width: 300px) 100vw, 300px\" \/><\/a>Arto Paasilinna &#8211; <b>T\u0159i chlupat\u00e1 zv\u00ed\u0159ata<\/b><br \/>\nAntonio Iturbe &#8211; <b>Knihovn\u00ed\u010dka z Auchwitzu<\/b><br \/>\nAlena Morn\u0161tajnov\u00e1 &#8211; <b>Listop\u00e1d<\/b><br \/>\n<\/span><\/p>\n<p><span style=\"color: #ffffff;\">Viac sa do\u010d\u00edtate na blogu<\/span> <span style=\"color: #ccffff;\"><a style=\"color: #ccffff;\" href=\"https:\/\/kniznicazilina.blogspot.com\/2022\/01\/kratko-o-3-romanoch-xi.html\"><strong>Kni\u017enica spoza pultu<\/strong><\/a>.<\/span><\/p>\n<\/div>\n","protected":false},"excerpt":{"rendered":"<p>Arto Paasilinna &#8211; T\u0159i chlupat\u00e1 zv\u00ed\u0159ata Antonio Iturbe &#8211; Knihovn\u00ed\u010dka z Auchwitzu Alena Morn\u0161tajnov\u00e1 &#8211; Listop\u00e1d Viac sa do\u010d\u00edtate na blogu Kni\u017enica spoza pultu.<\/p>\n","protected":false},"author":1,"featured_media":0,"comment_status":"open","ping_status":"open","sticky":false,"template":"","format":"image","meta":{"footnotes":""},"categories":[65],"tags":[],"class_list":["post-8345","post","type-post","status-publish","format-image","hentry","category-blog","post_format-post-format-image"],"_links":{"self":[{"href":"https:\/\/www.krajskakniznicazilina.sk\/index.php\/wp-json\/wp\/v2\/posts\/8345","targetHints":{"allow":["GET"]}}],"collection":[{"href":"https:\/\/www.krajskakniznicazilina.sk\/index.php\/wp-json\/wp\/v2\/posts"}],"about":[{"href":"https:\/\/www.krajskakniznicazilina.sk\/index.php\/wp-json\/wp\/v2\/types\/post"}],"author":[{"embeddable":true,"href":"https:\/\/www.krajskakniznicazilina.sk\/index.php\/wp-json\/wp\/v2\/users\/1"}],"replies":[{"embeddable":true,"href":"https:\/\/www.krajskakniznicazilina.sk\/index.php\/wp-json\/wp\/v2\/comments?post=8345"}],"version-history":[{"count":2,"href":"https:\/\/www.krajskakniznicazilina.sk\/index.php\/wp-json\/wp\/v2\/posts\/8345\/revisions"}],"predecessor-version":[{"id":8348,"href":"https:\/\/www.krajskakniznicazilina.sk\/index.php\/wp-json\/wp\/v2\/posts\/8345\/revisions\/8348"}],"wp:attachment":[{"href":"https:\/\/www.krajskakniznicazilina.sk\/index.php\/wp-json\/wp\/v2\/media?parent=8345"}],"wp:term":[{"taxonomy":"category","embeddable":true,"href":"https:\/\/www.krajskakniznicazilina.sk\/index.php\/wp-json\/wp\/v2\/categories?post=8345"},{"taxonomy":"post_tag","embeddable":true,"href":"https:\/\/www.krajskakniznicazilina.sk\/index.php\/wp-json\/wp\/v2\/tags?post=8345"}],"curies":[{"name":"wp","href":"https:\/\/api.w.org\/{rel}","templated":true}]}}