{"id":8371,"date":"2022-01-24T07:41:56","date_gmt":"2022-01-24T07:41:56","guid":{"rendered":"https:\/\/www.krajskakniznicazilina.sk\/?p=8371"},"modified":"2022-01-25T08:11:05","modified_gmt":"2022-01-25T08:11:05","slug":"burza-knih-pokracuje-aj-v-tomto-roku","status":"publish","type":"post","link":"https:\/\/www.krajskakniznicazilina.sk\/index.php\/2022\/01\/24\/burza-knih-pokracuje-aj-v-tomto-roku\/","title":{"rendered":"Burza kn\u00edh pokra\u010duje aj v tomto roku"},"content":{"rendered":"<p style=\"text-align: justify;\"><a href=\"https:\/\/www.krajskakniznicazilina.sk\/clanky\/2022\/02\/burza%20kn%C3%ADh.jpg\"><img decoding=\"async\" class=\"alignright size-full\" src=\"https:\/\/www.krajskakniznicazilina.sk\/clanky\/2022\/02\/burza%20kn%C3%ADh.jpg\" width=\"40%\" height=\"40%\" \/><\/a><\/p>\n<p style=\"text-align: justify;\">Ako pote\u0161\u00edte in\u00e9ho knihmo\u013ea? Pon\u00faknete mu dobr\u00fa knihu! Alebo e\u0161te lep\u0161ie \u2013 urob\u00edte mu na poli\u010dke miesto na nov\u00e9 knihy. Svoje vlastn\u00e9 knihy m\u00f4\u017eete pon\u00faknu\u0165 na predaj prv\u00fa sobotu v\u00a0mesiaci na pr\u00edzem\u00ed Krajskej kni\u017enice v\u00a0\u017diline. Cenu za svoje knihy ur\u010dujete vy, kni\u017enica v\u00e1m pon\u00faka pr\u00edle\u017eitos\u0165 a\u00a0priestor.<\/p>\n<p style=\"text-align: justify;\">Ak v\u00e1s z ponuky in\u00fdch knihomo\u013eov ni\u010d nezaujme, m\u00f4\u017eete si k\u00fapi\u0165 knihu z vyraden\u00fdch titulov kni\u017enice alebo \u00faplne oby\u010dajne po\u017ei\u010da\u0165 knihu z kni\u017enice.<\/p>\n<p style=\"text-align: justify;\">Prv\u00e1 burza v roku 2022 sa bude kona\u0165 u\u017e <strong>5. febru\u00e1ra od 9:00<\/strong> do 13:00.<\/p>\n","protected":false},"excerpt":{"rendered":"<p>Ako pote\u0161\u00edte in\u00e9ho knihmo\u013ea? Pon\u00faknete mu dobr\u00fa knihu! Alebo e\u0161te lep\u0161ie \u2013 urob\u00edte mu na poli\u010dke miesto na nov\u00e9 knihy. Svoje vlastn\u00e9 knihy m\u00f4\u017eete pon\u00faknu\u0165 na predaj prv\u00fa sobotu v\u00a0mesiaci na pr\u00edzem\u00ed Krajskej kni\u017enice v\u00a0\u017diline. Cenu za svoje knihy ur\u010dujete vy, kni\u017enica v\u00e1m pon\u00faka pr\u00edle\u017eitos\u0165 a\u00a0priestor. Ak v\u00e1s z ponuky in\u00fdch knihomo\u013eov ni\u010d nezaujme, m\u00f4\u017eete &#8230; <a title=\"Burza kn\u00edh pokra\u010duje aj v tomto roku\" class=\"read-more\" href=\"https:\/\/www.krajskakniznicazilina.sk\/index.php\/2022\/01\/24\/burza-knih-pokracuje-aj-v-tomto-roku\/\" aria-label=\"Pre\u010d\u00edtajte si viac o Burza kn\u00edh pokra\u010duje aj v tomto roku\">\u010c\u00edta\u0165 viac<\/a><\/p>\n","protected":false},"author":1,"featured_media":0,"comment_status":"open","ping_status":"open","sticky":false,"template":"","format":"image","meta":{"footnotes":""},"categories":[48],"tags":[],"class_list":["post-8371","post","type-post","status-publish","format-image","hentry","category-burza-knih","post_format-post-format-image"],"_links":{"self":[{"href":"https:\/\/www.krajskakniznicazilina.sk\/index.php\/wp-json\/wp\/v2\/posts\/8371","targetHints":{"allow":["GET"]}}],"collection":[{"href":"https:\/\/www.krajskakniznicazilina.sk\/index.php\/wp-json\/wp\/v2\/posts"}],"about":[{"href":"https:\/\/www.krajskakniznicazilina.sk\/index.php\/wp-json\/wp\/v2\/types\/post"}],"author":[{"embeddable":true,"href":"https:\/\/www.krajskakniznicazilina.sk\/index.php\/wp-json\/wp\/v2\/users\/1"}],"replies":[{"embeddable":true,"href":"https:\/\/www.krajskakniznicazilina.sk\/index.php\/wp-json\/wp\/v2\/comments?post=8371"}],"version-history":[{"count":4,"href":"https:\/\/www.krajskakniznicazilina.sk\/index.php\/wp-json\/wp\/v2\/posts\/8371\/revisions"}],"predecessor-version":[{"id":8399,"href":"https:\/\/www.krajskakniznicazilina.sk\/index.php\/wp-json\/wp\/v2\/posts\/8371\/revisions\/8399"}],"wp:attachment":[{"href":"https:\/\/www.krajskakniznicazilina.sk\/index.php\/wp-json\/wp\/v2\/media?parent=8371"}],"wp:term":[{"taxonomy":"category","embeddable":true,"href":"https:\/\/www.krajskakniznicazilina.sk\/index.php\/wp-json\/wp\/v2\/categories?post=8371"},{"taxonomy":"post_tag","embeddable":true,"href":"https:\/\/www.krajskakniznicazilina.sk\/index.php\/wp-json\/wp\/v2\/tags?post=8371"}],"curies":[{"name":"wp","href":"https:\/\/api.w.org\/{rel}","templated":true}]}}