{"id":8967,"date":"2022-04-12T09:11:57","date_gmt":"2022-04-12T08:11:57","guid":{"rendered":"https:\/\/www.krajskakniznicazilina.sk\/?p=8967"},"modified":"2022-04-12T09:11:57","modified_gmt":"2022-04-12T08:11:57","slug":"nevyliecitelny-romantik-blog","status":"publish","type":"post","link":"https:\/\/www.krajskakniznicazilina.sk\/index.php\/2022\/04\/12\/nevyliecitelny-romantik-blog\/","title":{"rendered":"Nevylie\u010dite\u013en\u00fd romantik (blog)"},"content":{"rendered":"<div style=\"background-color: #1a2d59; padding: 35px 35px 20px 35px; text-align: justify;\">\n<p><span style=\"color: #ffffff;\"><i><a href=\"https:\/\/kniznicazilina.blogspot.com\/2022\/04\/frank-tallis-nevyliecitelny-romantik.html\"><img decoding=\"async\" class=\"alignright wp-image-8868 size-full\" src=\"https:\/\/blogger.googleusercontent.com\/img\/b\/R29vZ2xl\/AVvXsEh494_VXwHW8mknYoJYMWwYZ1euMfZzpPhl4U3YpCoqsSQDgB-YGS1RlNXQSTDMWVpzhYiPHQN6SdR1c7OgDl_UlJmoiNytPxrlat6HONNQHR-4HQlGhYSSc5wpKbKApTKDS0VxVqr9hTzvya7DmC7E3dG9bSqDtUUE88DPbQhlVuUQ5u3TKZoPL0SX\/s1600\/nevylie%C4%8Dite%C4%BEn%C3%BD%20romantik.jpg\" alt=\"\" width=\"20%\" height=\"20%\" \/><\/a><\/i>Autor &#8211;\u00a0Frank Tallis\u00a0&#8211; tejto pozoruhodnej knihy, ktor\u00e1 v\u00a0nie\u010dom pripom\u00edna in\u00fd titul, \u010do som nie a\u017e tak d\u00e1vno recenzoval &#8211;\u00a0Mu\u017e, ktor\u00fd si m\u00fdlilman\u017eelku s\u00a0klob\u00fakom, patr\u00ed k p\u00ed\u0161ucim psychol\u00f3gom. \u0160pecializuje sa na obsedantno-kompulz\u00edvnu poruchu (pozn\u00e1te Monka?), \u010do ma mimoriadne zaujalo, preto\u017ee k nej m\u00e1m bl\u00edzko. Medzi jeho kni\u017en\u00e9 tituly v\u0161ak nepatria len odborn\u00e9 publik\u00e1cie, ale, \u010do je mimoriadne zauj\u00edmav\u00e9, stal sa aj ob\u013e\u00faben\u00fdm beletristom. Jeho historick\u00e9 detekt\u00edvky z Viedne dok\u00e1\u017eu spo\u013eahlivo navodi\u0165 atmosf\u00e9ru za\u010diatku 20. storo\u010dia a n\u00e1jdete ich aj u n\u00e1s v kni\u017enici&#8230;<br \/>\n<\/span><\/p>\n<p><span style=\"color: #ffffff;\">Viac sa do\u010d\u00edtate na blogu<\/span> <span style=\"color: #ccffff;\"><a style=\"color: #ccffff;\" href=\"https:\/\/kniznicazilina.blogspot.com\/2022\/04\/frank-tallis-nevyliecitelny-romantik.html\"><strong>Kni\u017enica spoza pultu<\/strong><\/a><span style=\"color: #ffffff;\">.<\/span><\/span><\/p>\n<\/div>\n","protected":false},"excerpt":{"rendered":"<p>Autor &#8211;\u00a0Frank Tallis\u00a0&#8211; tejto pozoruhodnej knihy, ktor\u00e1 v\u00a0nie\u010dom pripom\u00edna in\u00fd titul, \u010do som nie a\u017e tak d\u00e1vno recenzoval &#8211;\u00a0Mu\u017e, ktor\u00fd si m\u00fdlilman\u017eelku s\u00a0klob\u00fakom, patr\u00ed k p\u00ed\u0161ucim psychol\u00f3gom. \u0160pecializuje sa na obsedantno-kompulz\u00edvnu poruchu (pozn\u00e1te Monka?), \u010do ma mimoriadne zaujalo, preto\u017ee k nej m\u00e1m bl\u00edzko. Medzi jeho kni\u017en\u00e9 tituly v\u0161ak nepatria len odborn\u00e9 publik\u00e1cie, ale, \u010do je &#8230; <a title=\"Nevylie\u010dite\u013en\u00fd romantik (blog)\" class=\"read-more\" href=\"https:\/\/www.krajskakniznicazilina.sk\/index.php\/2022\/04\/12\/nevyliecitelny-romantik-blog\/\" aria-label=\"Pre\u010d\u00edtajte si viac o Nevylie\u010dite\u013en\u00fd romantik (blog)\">\u010c\u00edta\u0165 viac<\/a><\/p>\n","protected":false},"author":1,"featured_media":0,"comment_status":"open","ping_status":"open","sticky":false,"template":"","format":"image","meta":{"footnotes":""},"categories":[65,46],"tags":[],"class_list":["post-8967","post","type-post","status-publish","format-image","hentry","category-blog","category-tip-na-knihu","post_format-post-format-image"],"_links":{"self":[{"href":"https:\/\/www.krajskakniznicazilina.sk\/index.php\/wp-json\/wp\/v2\/posts\/8967","targetHints":{"allow":["GET"]}}],"collection":[{"href":"https:\/\/www.krajskakniznicazilina.sk\/index.php\/wp-json\/wp\/v2\/posts"}],"about":[{"href":"https:\/\/www.krajskakniznicazilina.sk\/index.php\/wp-json\/wp\/v2\/types\/post"}],"author":[{"embeddable":true,"href":"https:\/\/www.krajskakniznicazilina.sk\/index.php\/wp-json\/wp\/v2\/users\/1"}],"replies":[{"embeddable":true,"href":"https:\/\/www.krajskakniznicazilina.sk\/index.php\/wp-json\/wp\/v2\/comments?post=8967"}],"version-history":[{"count":1,"href":"https:\/\/www.krajskakniznicazilina.sk\/index.php\/wp-json\/wp\/v2\/posts\/8967\/revisions"}],"predecessor-version":[{"id":8968,"href":"https:\/\/www.krajskakniznicazilina.sk\/index.php\/wp-json\/wp\/v2\/posts\/8967\/revisions\/8968"}],"wp:attachment":[{"href":"https:\/\/www.krajskakniznicazilina.sk\/index.php\/wp-json\/wp\/v2\/media?parent=8967"}],"wp:term":[{"taxonomy":"category","embeddable":true,"href":"https:\/\/www.krajskakniznicazilina.sk\/index.php\/wp-json\/wp\/v2\/categories?post=8967"},{"taxonomy":"post_tag","embeddable":true,"href":"https:\/\/www.krajskakniznicazilina.sk\/index.php\/wp-json\/wp\/v2\/tags?post=8967"}],"curies":[{"name":"wp","href":"https:\/\/api.w.org\/{rel}","templated":true}]}}