{"id":9166,"date":"2022-05-11T06:32:44","date_gmt":"2022-05-11T05:32:44","guid":{"rendered":"https:\/\/www.krajskakniznicazilina.sk\/?p=9166"},"modified":"2022-05-11T06:32:55","modified_gmt":"2022-05-11T05:32:55","slug":"vyhodnotenie-sutaze-tvorime-vlastnu-knihu-3","status":"publish","type":"post","link":"https:\/\/www.krajskakniznicazilina.sk\/index.php\/2022\/05\/11\/vyhodnotenie-sutaze-tvorime-vlastnu-knihu-3\/","title":{"rendered":"Vyhodnotenie s\u00fa\u0165a\u017ee Tvor\u00edme vlastn\u00fa knihu"},"content":{"rendered":"<p style=\"text-align: justify;\"><a href=\"https:\/\/www.krajskakniznicazilina.sk\/clanky\/2022\/05\/TVK%20vyhodnotenie.jpg\"><img decoding=\"async\" class=\"size-full alignleft\" src=\"https:\/\/www.krajskakniznicazilina.sk\/clanky\/2022\/05\/TVK%20vyhodnotenie.jpg\" width=\"50%\" height=\"50%\" \/><\/a>Poz\u00fdvame v\u00e1s na sl\u00e1vnostn\u00e9 vyhodnotenie n\u00e1rodn\u00e9ho kola 23. ro\u010dn\u00edka medzin\u00e1rodnej slovensko-\u010desko-po\u013eskej s\u00fa\u0165a\u017ee Tvor\u00edme vlastn\u00fa knihu. T\u00e9ma tohto ro\u010dn\u00edka bola: O \u010dom \u0161umia stromy (\u013eubovo\u013en\u00fd \u017e\u00e1ner). Te\u0161\u00edme sa na v\u00e1s v\u00a0Krajskej kni\u017enici v \u017diline vo \u0161tvrtok <strong>19. m\u00e1ja o\u00a011:30<\/strong>. Aj touto cestou \u010fakujeme v\u0161etk\u00fdm de\u0165om, rodi\u010dom a pedag\u00f3gom, ktor\u00ed sa pri\u010dinili o mno\u017estvo kr\u00e1snych a hodnotn\u00fdch kn\u00edh, vytvoren\u00fdch v r\u00e1mci s\u00fa\u0165a\u017ee.<\/p>\n","protected":false},"excerpt":{"rendered":"<p>Poz\u00fdvame v\u00e1s na sl\u00e1vnostn\u00e9 vyhodnotenie n\u00e1rodn\u00e9ho kola 23. ro\u010dn\u00edka medzin\u00e1rodnej slovensko-\u010desko-po\u013eskej s\u00fa\u0165a\u017ee Tvor\u00edme vlastn\u00fa knihu. T\u00e9ma tohto ro\u010dn\u00edka bola: O \u010dom \u0161umia stromy (\u013eubovo\u013en\u00fd \u017e\u00e1ner). Te\u0161\u00edme sa na v\u00e1s v\u00a0Krajskej kni\u017enici v \u017diline vo \u0161tvrtok 19. m\u00e1ja o\u00a011:30. Aj touto cestou \u010fakujeme v\u0161etk\u00fdm de\u0165om, rodi\u010dom a pedag\u00f3gom, ktor\u00ed sa pri\u010dinili o mno\u017estvo kr\u00e1snych a hodnotn\u00fdch &#8230; <a title=\"Vyhodnotenie s\u00fa\u0165a\u017ee Tvor\u00edme vlastn\u00fa knihu\" class=\"read-more\" href=\"https:\/\/www.krajskakniznicazilina.sk\/index.php\/2022\/05\/11\/vyhodnotenie-sutaze-tvorime-vlastnu-knihu-3\/\" aria-label=\"Pre\u010d\u00edtajte si viac o Vyhodnotenie s\u00fa\u0165a\u017ee Tvor\u00edme vlastn\u00fa knihu\">\u010c\u00edta\u0165 viac<\/a><\/p>\n","protected":false},"author":1,"featured_media":0,"comment_status":"open","ping_status":"open","sticky":false,"template":"","format":"image","meta":{"footnotes":""},"categories":[12,16,43],"tags":[],"class_list":["post-9166","post","type-post","status-publish","format-image","hentry","category-podujatie","category-sutaz","category-tvk","post_format-post-format-image"],"_links":{"self":[{"href":"https:\/\/www.krajskakniznicazilina.sk\/index.php\/wp-json\/wp\/v2\/posts\/9166","targetHints":{"allow":["GET"]}}],"collection":[{"href":"https:\/\/www.krajskakniznicazilina.sk\/index.php\/wp-json\/wp\/v2\/posts"}],"about":[{"href":"https:\/\/www.krajskakniznicazilina.sk\/index.php\/wp-json\/wp\/v2\/types\/post"}],"author":[{"embeddable":true,"href":"https:\/\/www.krajskakniznicazilina.sk\/index.php\/wp-json\/wp\/v2\/users\/1"}],"replies":[{"embeddable":true,"href":"https:\/\/www.krajskakniznicazilina.sk\/index.php\/wp-json\/wp\/v2\/comments?post=9166"}],"version-history":[{"count":2,"href":"https:\/\/www.krajskakniznicazilina.sk\/index.php\/wp-json\/wp\/v2\/posts\/9166\/revisions"}],"predecessor-version":[{"id":9170,"href":"https:\/\/www.krajskakniznicazilina.sk\/index.php\/wp-json\/wp\/v2\/posts\/9166\/revisions\/9170"}],"wp:attachment":[{"href":"https:\/\/www.krajskakniznicazilina.sk\/index.php\/wp-json\/wp\/v2\/media?parent=9166"}],"wp:term":[{"taxonomy":"category","embeddable":true,"href":"https:\/\/www.krajskakniznicazilina.sk\/index.php\/wp-json\/wp\/v2\/categories?post=9166"},{"taxonomy":"post_tag","embeddable":true,"href":"https:\/\/www.krajskakniznicazilina.sk\/index.php\/wp-json\/wp\/v2\/tags?post=9166"}],"curies":[{"name":"wp","href":"https:\/\/api.w.org\/{rel}","templated":true}]}}