{"id":9174,"date":"2022-05-11T07:06:47","date_gmt":"2022-05-11T06:06:47","guid":{"rendered":"https:\/\/www.krajskakniznicazilina.sk\/?p=9174"},"modified":"2022-05-11T07:06:47","modified_gmt":"2022-05-11T06:06:47","slug":"stretnutie-obcanov-zo-zastupcami-mesta-zilina","status":"publish","type":"post","link":"https:\/\/www.krajskakniznicazilina.sk\/index.php\/2022\/05\/11\/stretnutie-obcanov-zo-zastupcami-mesta-zilina\/","title":{"rendered":"Stretnutie ob\u010danov zo z\u00e1stupcami mesta \u017dilina"},"content":{"rendered":"<p style=\"text-align: justify;\"><a href=\"https:\/\/www.zilina.sk\/aktuality\/2022\/zastupcovia-mesta-sa-stretnu-s-obcanmi-vypocuju-si-ich-nazory-a-pripomienky\/\"><img decoding=\"async\" class=\"alignright\" src=\"https:\/\/www.zilina.sk\/wp-content\/uploads\/2022\/05\/Stretnutie-obcanov_19.-tyzden-1200x695.png\" alt=\"\" width=\"40%\" height=\"40%\" \/><\/a>Po dvojro\u010dnej prest\u00e1vke zav\u00edtaj\u00fa z\u00e1stupcovia mesta \u017dilina op\u00e4\u0165 medzi ob\u010danov. Na stretnutiach v meste i jednotliv\u00fdch mestsk\u00fdch \u010dastiach bude priestor na zhodnotenie zrealizovan\u00fdch projektov, vypo\u010dutie si n\u00e1zorov, pripomienok ob\u010danov k pr\u00e1ci \u00faradu i predstavi\u0165 rozvojov\u00e9 pl\u00e1ny.<\/p>\n<p>Stretnutie (<span style=\"text-align: justify;\">volebn\u00fd obvod \u010d. 1 \u010das\u0165 Hliny I-IV<\/span>) v Krajskej kni\u017enici v \u017diline sa <span style=\"text-align: justify;\">uskuto\u010dn\u00ed\u00a0<\/span><strong style=\"text-align: justify;\">vo \u0161tvrtok 12.5. o 17.00 <\/strong>na <span style=\"text-align: justify;\">2. poschod\u00ed kni\u017enice v spolo\u010denskej miestnosti.<\/span><\/p>\n","protected":false},"excerpt":{"rendered":"<p>Po dvojro\u010dnej prest\u00e1vke zav\u00edtaj\u00fa z\u00e1stupcovia mesta \u017dilina op\u00e4\u0165 medzi ob\u010danov. Na stretnutiach v meste i jednotliv\u00fdch mestsk\u00fdch \u010dastiach bude priestor na zhodnotenie zrealizovan\u00fdch projektov, vypo\u010dutie si n\u00e1zorov, pripomienok ob\u010danov k pr\u00e1ci \u00faradu i predstavi\u0165 rozvojov\u00e9 pl\u00e1ny. Stretnutie (volebn\u00fd obvod \u010d. 1 \u010das\u0165 Hliny I-IV) v Krajskej kni\u017enici v \u017diline sa uskuto\u010dn\u00ed\u00a0vo \u0161tvrtok 12.5. o 17.00 &#8230; <a title=\"Stretnutie ob\u010danov zo z\u00e1stupcami mesta \u017dilina\" class=\"read-more\" href=\"https:\/\/www.krajskakniznicazilina.sk\/index.php\/2022\/05\/11\/stretnutie-obcanov-zo-zastupcami-mesta-zilina\/\" aria-label=\"Pre\u010d\u00edtajte si viac o Stretnutie ob\u010danov zo z\u00e1stupcami mesta \u017dilina\">\u010c\u00edta\u0165 viac<\/a><\/p>\n","protected":false},"author":1,"featured_media":0,"comment_status":"open","ping_status":"open","sticky":false,"template":"","format":"image","meta":{"footnotes":""},"categories":[1],"tags":[],"class_list":["post-9174","post","type-post","status-publish","format-image","hentry","category-oznam","post_format-post-format-image"],"_links":{"self":[{"href":"https:\/\/www.krajskakniznicazilina.sk\/index.php\/wp-json\/wp\/v2\/posts\/9174","targetHints":{"allow":["GET"]}}],"collection":[{"href":"https:\/\/www.krajskakniznicazilina.sk\/index.php\/wp-json\/wp\/v2\/posts"}],"about":[{"href":"https:\/\/www.krajskakniznicazilina.sk\/index.php\/wp-json\/wp\/v2\/types\/post"}],"author":[{"embeddable":true,"href":"https:\/\/www.krajskakniznicazilina.sk\/index.php\/wp-json\/wp\/v2\/users\/1"}],"replies":[{"embeddable":true,"href":"https:\/\/www.krajskakniznicazilina.sk\/index.php\/wp-json\/wp\/v2\/comments?post=9174"}],"version-history":[{"count":4,"href":"https:\/\/www.krajskakniznicazilina.sk\/index.php\/wp-json\/wp\/v2\/posts\/9174\/revisions"}],"predecessor-version":[{"id":9178,"href":"https:\/\/www.krajskakniznicazilina.sk\/index.php\/wp-json\/wp\/v2\/posts\/9174\/revisions\/9178"}],"wp:attachment":[{"href":"https:\/\/www.krajskakniznicazilina.sk\/index.php\/wp-json\/wp\/v2\/media?parent=9174"}],"wp:term":[{"taxonomy":"category","embeddable":true,"href":"https:\/\/www.krajskakniznicazilina.sk\/index.php\/wp-json\/wp\/v2\/categories?post=9174"},{"taxonomy":"post_tag","embeddable":true,"href":"https:\/\/www.krajskakniznicazilina.sk\/index.php\/wp-json\/wp\/v2\/tags?post=9174"}],"curies":[{"name":"wp","href":"https:\/\/api.w.org\/{rel}","templated":true}]}}