{"id":9223,"date":"2022-05-20T07:32:52","date_gmt":"2022-05-20T06:32:52","guid":{"rendered":"https:\/\/www.krajskakniznicazilina.sk\/?p=9223"},"modified":"2022-06-06T07:29:19","modified_gmt":"2022-06-06T06:29:19","slug":"vyhodnotenie-sutaze-tvorime-vlastnu-knihu-xxiii-rocnik","status":"publish","type":"post","link":"https:\/\/www.krajskakniznicazilina.sk\/index.php\/2022\/05\/20\/vyhodnotenie-sutaze-tvorime-vlastnu-knihu-xxiii-rocnik\/","title":{"rendered":"Vyhodnotenie s\u00fa\u0165a\u017ee Tvor\u00edme vlastn\u00fa knihu XXIII. ro\u010dn\u00edk"},"content":{"rendered":"<p><strong>\u00da\u010dastn\u00edci medzin\u00e1rodn\u00e9ho kola<\/strong>, ktor\u00ed chc\u00fa vycestova\u0165 s nami na vyhodnotenie s\u00fa\u0165a\u017ee <strong>potvr\u010fte svoju \u00fa\u010das\u0165<\/strong> \u010do najsk\u00f4r na<strong> mailovej adrese : <a href=\"mailto:mjartanova@krajskakniznicazilina.sk\">mjartanova@krajskakniznicazilina.sk<\/a>. <\/strong><\/p>\n<h3 style=\"text-align: justify;\"><strong>Odchod na medzin\u00e1rodn\u00e9 kolo v utorok 7. j\u00fana o 9:30 spred budovy Krajskej kni\u017enice v \u017diline.<\/strong><\/h3>\n<p><strong>1. kateg\u00f3ria &#8211; deti do 12 rokov<\/strong><\/p>\n<ol>\n<li>miesto: Rastislav Lacko, Al\u017ebeta Lackov\u00e1 &#8211; Tilia<\/li>\n<li>miesto: Lujzinka Bariakov\u00e1, Helenka Pi\u0148\u00e1kov\u00e1 &#8211; Stromov\u00e9 rozpr\u00e1vky<\/li>\n<li>miesto: Vanesa \u0160koln\u00edkov\u00e1 &#8211; Zakliaty les<\/li>\n<\/ol>\n<p><strong>Postup do medzin\u00e1rodn\u00e9ho kola:<\/strong><\/p>\n<ul>\n<li>Lucia Masn\u00e1, Matej Masn\u00fd &#8211; Ke\u010f maj\u00fa stromy t\u00falav\u00e9 nohy<\/li>\n<li>Juraj \u010cernick\u00fd, Michal \u010cernick\u00fd &#8211; O \u010dom \u0161umia stromy<\/li>\n<li>Martina Kysuck\u00e1 &#8211; Stromy v psom raji<\/li>\n<\/ul>\n<p><strong>2. kateg\u00f3ria &#8211; deti do 16rokov<\/strong><\/p>\n<ol>\n<li>miesto: Ema Michel\u010d\u00edkov\u00e1 &#8211; Brezanka<\/li>\n<li>miesto: Lucia Mih\u00e1likov\u00e1, Alexandra Pek\u00e1rov\u00e1 &#8211; Smutn\u00e1 v\u0155ba a \u0161upinky, ktor\u00e9 nosia \u0161\u0165astie<\/li>\n<li>miesto: Katar\u00edna \u0160p\u00e1nikov\u00e1, Anetka P\u00fa\u010dkov\u00e1 &#8211; L\u00e1ska cez recyklovanie<\/li>\n<\/ol>\n<p><strong>Postup do medzin\u00e1rodn\u00e9ho kola:<\/strong><\/p>\n<ul>\n<li>Zoja Brontvajov\u00e1,\u00a0 Da\u0161a Brontvajov\u00e1 &#8211; Spomienky v kore\u0148och<\/li>\n<li>Nikoleta Marcinekov\u00e1, Tereza Ku\u010derov\u00e1 &#8211; Sam Qaytum: Pilot Bud\u00facnosti<\/li>\n<\/ul>\n<p><strong>3. kateg\u00f3ria &#8211; deti do 12 rokov<\/strong><\/p>\n<ol>\n<li>miesto: Ema Virdzekov\u00e1, M\u00e1rio Urbanec &#8211; Kamar\u00e1t smrek<\/li>\n<li>miesto: Juraj Ba\u010d\u00edk, Marianka Ni\u017en\u00edkov\u00e1 &#8211; Stromy z\u00e1chran\u00e1ri<\/li>\n<li>miesto: Ferkov\u00e1 Veronika, Petr\u00edkov\u00e1 Nat\u00e1lia &#8211; V lese<\/li>\n<\/ol>\n","protected":false},"excerpt":{"rendered":"<p>\u00da\u010dastn\u00edci medzin\u00e1rodn\u00e9ho kola, ktor\u00ed chc\u00fa vycestova\u0165 s nami na vyhodnotenie s\u00fa\u0165a\u017ee potvr\u010fte svoju \u00fa\u010das\u0165 \u010do najsk\u00f4r na mailovej adrese : mjartanova@krajskakniznicazilina.sk. Odchod na medzin\u00e1rodn\u00e9 kolo v utorok 7. j\u00fana o 9:30 spred budovy Krajskej kni\u017enice v \u017diline. 1. kateg\u00f3ria &#8211; deti do 12 rokov miesto: Rastislav Lacko, Al\u017ebeta Lackov\u00e1 &#8211; Tilia miesto: Lujzinka Bariakov\u00e1, Helenka &#8230; <a title=\"Vyhodnotenie s\u00fa\u0165a\u017ee Tvor\u00edme vlastn\u00fa knihu XXIII. ro\u010dn\u00edk\" class=\"read-more\" href=\"https:\/\/www.krajskakniznicazilina.sk\/index.php\/2022\/05\/20\/vyhodnotenie-sutaze-tvorime-vlastnu-knihu-xxiii-rocnik\/\" aria-label=\"Pre\u010d\u00edtajte si viac o Vyhodnotenie s\u00fa\u0165a\u017ee Tvor\u00edme vlastn\u00fa knihu XXIII. ro\u010dn\u00edk\">\u010c\u00edta\u0165 viac<\/a><\/p>\n","protected":false},"author":1,"featured_media":0,"comment_status":"open","ping_status":"open","sticky":false,"template":"","format":"image","meta":{"footnotes":""},"categories":[16,43],"tags":[],"class_list":["post-9223","post","type-post","status-publish","format-image","hentry","category-sutaz","category-tvk","post_format-post-format-image"],"_links":{"self":[{"href":"https:\/\/www.krajskakniznicazilina.sk\/index.php\/wp-json\/wp\/v2\/posts\/9223","targetHints":{"allow":["GET"]}}],"collection":[{"href":"https:\/\/www.krajskakniznicazilina.sk\/index.php\/wp-json\/wp\/v2\/posts"}],"about":[{"href":"https:\/\/www.krajskakniznicazilina.sk\/index.php\/wp-json\/wp\/v2\/types\/post"}],"author":[{"embeddable":true,"href":"https:\/\/www.krajskakniznicazilina.sk\/index.php\/wp-json\/wp\/v2\/users\/1"}],"replies":[{"embeddable":true,"href":"https:\/\/www.krajskakniznicazilina.sk\/index.php\/wp-json\/wp\/v2\/comments?post=9223"}],"version-history":[{"count":4,"href":"https:\/\/www.krajskakniznicazilina.sk\/index.php\/wp-json\/wp\/v2\/posts\/9223\/revisions"}],"predecessor-version":[{"id":9325,"href":"https:\/\/www.krajskakniznicazilina.sk\/index.php\/wp-json\/wp\/v2\/posts\/9223\/revisions\/9325"}],"wp:attachment":[{"href":"https:\/\/www.krajskakniznicazilina.sk\/index.php\/wp-json\/wp\/v2\/media?parent=9223"}],"wp:term":[{"taxonomy":"category","embeddable":true,"href":"https:\/\/www.krajskakniznicazilina.sk\/index.php\/wp-json\/wp\/v2\/categories?post=9223"},{"taxonomy":"post_tag","embeddable":true,"href":"https:\/\/www.krajskakniznicazilina.sk\/index.php\/wp-json\/wp\/v2\/tags?post=9223"}],"curies":[{"name":"wp","href":"https:\/\/api.w.org\/{rel}","templated":true}]}}